{"id":46576,"date":"2024-11-20T15:08:48","date_gmt":"2024-11-20T14:08:48","guid":{"rendered":"https:\/\/plan7architekt.com\/i\/?p=46576"},"modified":"2024-11-20T15:08:48","modified_gmt":"2024-11-20T14:08:48","slug":"bauhaus-kubus-definition-vor-nachteile-merkmale-ai61","status":"publish","type":"post","link":"https:\/\/plan7architekt.com\/i\/bauhaus-kubus-definition-vor-nachteile-merkmale-ai61\/","title":{"rendered":"Bauhaus\/Kubus \u2013 Definition, Vor- &#038; Nachteile, Merkmale"},"content":{"rendered":"<section class=\"wpb-content-wrapper\"><p>[vc_row][vc_column width=&#8221;2\/3&#8243;][vc_column_text]<\/p>\n<h2>Definition von \u201eBauhaus\u201c und \u201eKubus\u201c<\/h2>\n<p>Der Bauhaus-Stil und die Kubus-Architektur sind eng miteinander verbunden, doch beide Begriffe haben ihre eigene Bedeutung. Der Bauhaus-Stil entstand in den 1920er Jahren in Deutschland, als die Bauhaus-Schule unter der Leitung von Walter Gropius ein neues Verst\u00e4ndnis von Architektur, Kunst und Handwerk verbreitete. Das Ziel war, eine harmonische Verbindung von Funktionalit\u00e4t und \u00c4sthetik zu schaffen. Bauhaus steht somit f\u00fcr eine minimalistische, funktionale Bauweise, die auf dekorative Elemente verzichtet und sich auf klare Formen konzentriert.<\/p>\n<p>Die Kubus-Architektur bezieht sich auf Geb\u00e4udeformen, die rechteckig und meist w\u00fcrfelf\u00f6rmig sind. Kuben werden oft im Bauhaus-Stil verwendet, da sie dessen Anspruch auf schlichte Geometrie und Funktionalit\u00e4t erf\u00fcllen. Geb\u00e4ude im Kubus-Stil bestehen typischerweise aus klaren Linien und rechteckigen Strukturen, die dem Raum eine schlichte Eleganz verleihen.<\/p>\n<figure id=\"attachment_46577\" aria-describedby=\"caption-attachment-46577\" style=\"width: 2555px\" class=\"wp-caption alignnone\"><img decoding=\"async\" class=\"size-full wp-image-46577\" src=\"https:\/\/plan7architekt.com\/i\/wp-content\/uploads\/2024\/11\/Minimalistisches-Wohnkonzept-im-Bauhaus-Stil-\u2013-Geplant-mit-Plan7Architekt-Offene-Raumgestaltung-und-klare-Linien.webp\" alt=\"Minimalistisches Wohnkonzept im Bauhaus-Stil \u2013 Geplant mit Plan7Architekt Offene Raumgestaltung und klare Linien\" width=\"2555\" height=\"1325\" srcset=\"https:\/\/plan7architekt.com\/i\/wp-content\/uploads\/2024\/11\/Minimalistisches-Wohnkonzept-im-Bauhaus-Stil-\u2013-Geplant-mit-Plan7Architekt-Offene-Raumgestaltung-und-klare-Linien.webp 2555w, https:\/\/plan7architekt.com\/i\/wp-content\/uploads\/2024\/11\/Minimalistisches-Wohnkonzept-im-Bauhaus-Stil-\u2013-Geplant-mit-Plan7Architekt-Offene-Raumgestaltung-und-klare-Linien-300x156.webp 300w, https:\/\/plan7architekt.com\/i\/wp-content\/uploads\/2024\/11\/Minimalistisches-Wohnkonzept-im-Bauhaus-Stil-\u2013-Geplant-mit-Plan7Architekt-Offene-Raumgestaltung-und-klare-Linien-1024x531.webp 1024w, https:\/\/plan7architekt.com\/i\/wp-content\/uploads\/2024\/11\/Minimalistisches-Wohnkonzept-im-Bauhaus-Stil-\u2013-Geplant-mit-Plan7Architekt-Offene-Raumgestaltung-und-klare-Linien-768x398.webp 768w, https:\/\/plan7architekt.com\/i\/wp-content\/uploads\/2024\/11\/Minimalistisches-Wohnkonzept-im-Bauhaus-Stil-\u2013-Geplant-mit-Plan7Architekt-Offene-Raumgestaltung-und-klare-Linien-1536x797.webp 1536w, https:\/\/plan7architekt.com\/i\/wp-content\/uploads\/2024\/11\/Minimalistisches-Wohnkonzept-im-Bauhaus-Stil-\u2013-Geplant-mit-Plan7Architekt-Offene-Raumgestaltung-und-klare-Linien-2048x1062.webp 2048w\" sizes=\"(max-width: 2555px) 100vw, 2555px\" \/><figcaption id=\"caption-attachment-46577\" class=\"wp-caption-text\">Minimalistisches Wohnkonzept im Bauhaus-Stil \u2013 Geplant mit Plan7Architekt Offene Raumgestaltung und klare Linien<\/figcaption><\/figure>\n<h2>Merkmale des Bauhaus-Stils und der Kubus-Architektur<\/h2>\n<p>Bauhaus und Kubus-Architektur zeichnen sich durch bestimmte gemeinsame Merkmale aus, die die minimalistische und funktionale Herangehensweise in der Architektur widerspiegeln. Im Folgenden sind die wichtigsten Merkmale aufgef\u00fchrt:<\/p>\n<h3>Klare, einfache Formen und Geometrie<\/h3>\n<p>Die Bauhaus-Architektur und die Kubus-Form setzen auf einfache geometrische Formen wie Rechtecke und W\u00fcrfel. Diese geometrische Klarheit ist nicht nur \u00e4sthetisch, sondern auch funktional, da sie die Nutzung des Raumangebots optimiert und das Design vereinfacht.<\/p>\n<h3>Offene Grundrisse und gro\u00dfz\u00fcgige Raumgestaltung<\/h3>\n<p>Die Bauhaus-Kubus-Architektur legt gro\u00dfen Wert auf offene und flexible Grundrisse. W\u00e4nde werden auf das N\u00f6tigste reduziert, um m\u00f6glichst viel Raum zu schaffen und eine luftige, offene Atmosph\u00e4re zu f\u00f6rdern. Diese Offenheit ist besonders in Wohnbereichen beliebt, da sie Bewegungsfreiheit bietet und R\u00e4ume gr\u00f6\u00dfer wirken l\u00e4sst.<\/p>\n<h3>Materialien: Beton, Glas, Stahl<\/h3>\n<p>Der Einsatz moderner Materialien wie Beton, Glas und Stahl ist typisch f\u00fcr den Bauhaus-Stil. Diese Materialien verleihen Geb\u00e4uden Stabilit\u00e4t und eine schlichte, elegante Optik. Die gro\u00dfen Glasfl\u00e4chen bieten viel Tageslicht und erm\u00f6glichen es, Innen- und Au\u00dfenbereiche miteinander zu verbinden, was besonders in der Kubus-Architektur hervortritt.<\/p>\n<table>\n<thead>\n<tr>\n<th>Material<\/th>\n<th>Eigenschaft<\/th>\n<th>Verwendung in der Architektur<\/th>\n<\/tr>\n<\/thead>\n<tbody>\n<tr>\n<td>Beton<\/td>\n<td>Robust, langlebig<\/td>\n<td>Grundstruktur, Fassade<\/td>\n<\/tr>\n<tr>\n<td>Glas<\/td>\n<td>Transparenz, Lichteinlass<\/td>\n<td>Fenster, gro\u00dfe Glasfl\u00e4chen<\/td>\n<\/tr>\n<tr>\n<td>Stahl<\/td>\n<td>Stabilit\u00e4t, Flexibilit\u00e4t in Form<\/td>\n<td>Rahmenkonstruktionen, Fassaden<\/td>\n<\/tr>\n<\/tbody>\n<\/table>\n<h3>Integration von Design und Funktion<\/h3>\n<p>Bauhaus steht daf\u00fcr, dass jedes Designelement auch eine Funktion erf\u00fcllt. Das bedeutet, dass Architektur und Design nicht nur der \u00c4sthetik dienen, sondern auch funktionale Zwecke haben. M\u00f6bel und Innenr\u00e4ume sind oft im gleichen Stil gestaltet und werden in das Gesamtbild integriert.<\/p>\n<h3>Gro\u00dfe Fenster und Lichtdurchflutung<\/h3>\n<p>Ein charakteristisches Merkmal der Kubus-Architektur sind die gro\u00dfen Fensterfronten, die viel Tageslicht einlassen. Die hellen, lichtdurchfluteten R\u00e4ume schaffen eine angenehme Atmosph\u00e4re und verst\u00e4rken den Eindruck von Offenheit und Weite.<\/p>\n<h2>Vorteile der Bauhaus\/Kubus-Architektur<\/h2>\n<p>Die Bauhaus- und Kubus-Architektur bieten einige Vorteile, die sie besonders f\u00fcr moderne Bauprojekte attraktiv machen. Hier sind die Hauptvorteile im \u00dcberblick:<\/p>\n<ul>\n<li><strong>Zeitlose \u00c4sthetik<\/strong>: Der Bauhaus-Stil wirkt auch nach Jahrzehnten noch modern und elegant. Die schlichte Gestaltung ist zeitlos und harmoniert mit unterschiedlichen Einrichtungsstilen.<\/li>\n<li><strong>Praktische Raumnutzung<\/strong>: Offene Grundrisse bieten viel Flexibilit\u00e4t bei der Nutzung und Gestaltung des Wohnraums. R\u00e4ume k\u00f6nnen leichter umgestaltet oder multifunktional genutzt werden.<\/li>\n<li><strong>Energieeffizienz<\/strong>: Durch die kompakte Form des Kubus wird die Energieeffizienz gesteigert, da das Verh\u00e4ltnis zwischen Au\u00dfenh\u00fclle und Volumen g\u00fcnstig ist. Die gro\u00dfen Fensterfl\u00e4chen erm\u00f6glichen zudem eine optimale Nutzung des Tageslichts.<\/li>\n<li><strong>Robustheit und Langlebigkeit<\/strong>: Die verwendeten Materialien wie Stahl und Beton sind besonders langlebig und stabil, was das Geb\u00e4ude f\u00fcr viele Jahre sch\u00fctzt.<\/li>\n<li><strong>Wertsteigerung<\/strong>: Bauhaus- und Kubus-Architektur sind gefragt und gelten als hochwertig, was den Wert der Immobilie langfristig steigern kann.<\/li>\n<\/ul>\n<h2>Nachteile der Bauhaus\/Kubus-Architektur<\/h2>\n<p>Trotz ihrer zahlreichen Vorteile bringt die Bauhaus\/Kubus-Architektur auch einige Herausforderungen und Nachteile mit sich:<\/p>\n<ul>\n<li><strong>Hohe Baukosten<\/strong>: Die Umsetzung der minimalistischen Gestaltung und die Verwendung hochwertiger Materialien k\u00f6nnen die Baukosten erh\u00f6hen. Gerade gro\u00dfe Glasfl\u00e4chen und der Einsatz von Stahl sind kostenintensiv.<\/li>\n<li><strong>Pflegeaufwand f\u00fcr Fensterfl\u00e4chen<\/strong>: Die gro\u00dfen Glasfl\u00e4chen ben\u00f6tigen regelm\u00e4\u00dfige Pflege, um sauber und klar zu bleiben, was besonders bei h\u00f6her gelegenen Fenstern aufwendig sein kann.<\/li>\n<li><strong>Wenig Flexibilit\u00e4t f\u00fcr traditionelle Einrichtungsstile<\/strong>: Die strenge, minimalistische \u00c4sthetik kann es schwieriger machen, traditionelle oder verspielte Einrichtungsstile zu integrieren. Der Bauhaus-Stil passt eher zu modernen M\u00f6beln.<\/li>\n<li><strong>K\u00fchle \u00c4sthetik<\/strong>: Manche empfinden die schlichte Gestaltung als k\u00fchl und ungem\u00fctlich. Durch die klaren Linien und die wenigen Dekorationselemente kann eine kubische Wohnung unter Umst\u00e4nden als zu n\u00fcchtern wirken.<\/li>\n<\/ul>\n<figure id=\"attachment_46578\" aria-describedby=\"caption-attachment-46578\" style=\"width: 2556px\" class=\"wp-caption alignnone\"><img decoding=\"async\" class=\"size-full wp-image-46578\" src=\"https:\/\/plan7architekt.com\/i\/wp-content\/uploads\/2024\/11\/Detailansicht-eines-kubischen-Grundrisses-\u2013-Plan7Architekt-ermoeglicht-praezise-und-anpassbare-Planung.webp\" alt=\"Detailansicht eines kubischen Grundrisses \u2013 Plan7Architekt erm\u00f6glicht pr\u00e4zise und anpassbare Planung\" width=\"2556\" height=\"1335\" srcset=\"https:\/\/plan7architekt.com\/i\/wp-content\/uploads\/2024\/11\/Detailansicht-eines-kubischen-Grundrisses-\u2013-Plan7Architekt-ermoeglicht-praezise-und-anpassbare-Planung.webp 2556w, https:\/\/plan7architekt.com\/i\/wp-content\/uploads\/2024\/11\/Detailansicht-eines-kubischen-Grundrisses-\u2013-Plan7Architekt-ermoeglicht-praezise-und-anpassbare-Planung-300x157.webp 300w, https:\/\/plan7architekt.com\/i\/wp-content\/uploads\/2024\/11\/Detailansicht-eines-kubischen-Grundrisses-\u2013-Plan7Architekt-ermoeglicht-praezise-und-anpassbare-Planung-1024x535.webp 1024w, https:\/\/plan7architekt.com\/i\/wp-content\/uploads\/2024\/11\/Detailansicht-eines-kubischen-Grundrisses-\u2013-Plan7Architekt-ermoeglicht-praezise-und-anpassbare-Planung-768x401.webp 768w, https:\/\/plan7architekt.com\/i\/wp-content\/uploads\/2024\/11\/Detailansicht-eines-kubischen-Grundrisses-\u2013-Plan7Architekt-ermoeglicht-praezise-und-anpassbare-Planung-1536x802.webp 1536w, https:\/\/plan7architekt.com\/i\/wp-content\/uploads\/2024\/11\/Detailansicht-eines-kubischen-Grundrisses-\u2013-Plan7Architekt-ermoeglicht-praezise-und-anpassbare-Planung-2048x1070.webp 2048w\" sizes=\"(max-width: 2556px) 100vw, 2556px\" \/><figcaption id=\"caption-attachment-46578\" class=\"wp-caption-text\">Detailansicht eines kubischen Grundrisses \u2013 Plan7Architekt erm\u00f6glicht pr\u00e4zise und anpassbare Planung<\/figcaption><\/figure>\n<h2>Weitere interessante Fakten und historische Hintergr\u00fcnde<\/h2>\n<h3>Entstehung des Bauhaus-Stils<\/h3>\n<p>Der Bauhaus-Stil entwickelte sich Anfang des 20. Jahrhunderts in Deutschland an der ber\u00fchmten Bauhaus-Schule, die von Walter Gropius gegr\u00fcndet wurde. Die Schule setzte sich das Ziel, Kunst und Handwerk zu verbinden und eine neue \u00c4sthetik f\u00fcr das moderne Leben zu schaffen. In einer Zeit des industriellen Fortschritts wollte das Bauhaus dem Funktionalen eine neue Bedeutung verleihen und Architektur sowie Design neu definieren.<\/p>\n<h3>Einfluss auf heutige Architektur<\/h3>\n<p>Der Bauhaus-Stil und die Kubus-Architektur haben die moderne Architektur nachhaltig gepr\u00e4gt. Bis heute lassen sich Bauhaus-Elemente in vielen zeitgen\u00f6ssischen Bauprojekten wiederfinden. Vor allem der Minimalismus und die funktionale Gestaltung haben viele Architekten weltweit beeinflusst. Geb\u00e4ude, die sich an diesen Grunds\u00e4tzen orientieren, wirken klar, strukturiert und effizient.<\/p>\n<h2>Tipps zur Anwendung im Eigenbau<\/h2>\n<p>Wenn Sie den Bauhaus- oder Kubus-Stil f\u00fcr Ihr eigenes Bauprojekt in Betracht ziehen, gibt es einige praktische Tipps, wie Sie diesen Stil umsetzen k\u00f6nnen:<\/p>\n<ul>\n<li><strong>Fokus auf klare Formen und offene R\u00e4ume<\/strong>: Planen Sie R\u00e4ume mit offenen Grundrissen, um ein gro\u00dfz\u00fcgiges Raumgef\u00fchl zu schaffen.<\/li>\n<li><strong>Nat\u00fcrliche Materialien und neutrale Farben verwenden<\/strong>: Neutrale Farben und nat\u00fcrliche Materialien wie Holz und Beton unterstreichen die Schlichtheit und Eleganz des Bauhaus-Stils.<\/li>\n<li><strong>Gro\u00dfe Fensterfronten<\/strong>: Setzen Sie auf gro\u00dfz\u00fcgige Fensterfl\u00e4chen, die viel Licht in die R\u00e4ume lassen. Dabei k\u00f6nnen moderne Fenstersysteme f\u00fcr eine gute Energieeffizienz sorgen.<\/li>\n<li><strong>M\u00f6bel und Innenausstattung im Bauhaus-Stil<\/strong>: W\u00e4hlen Sie M\u00f6bel mit klaren Linien und minimalistischen Formen, die das Gesamtkonzept unterstreichen.<\/li>\n<\/ul>\n<h2>Fazit und Empfehlung<\/h2>\n<p>Die Bauhaus\/Kubus-Architektur ist besonders geeignet f\u00fcr alle, die eine schlichte, funktionale und zeitlose Architektur sch\u00e4tzen.<\/p>\n<h2>Bauhaus-Stil und Kubus-Architektur mit Plan7Architekt professionell planen<\/h2>\n<p>Mit der Software <strong>Plan7Architekt<\/strong> k\u00f6nnen Sie professionelle Grundrisse im Bauhaus-Stil und in kubischen Formen ganz einfach selbst erstellen und umsetzen. Planen Sie klare, geometrische Formen und offene Grundrisse, die typisch f\u00fcr die Bauhaus- und Kubus-Architektur sind. Die Software bietet leistungsstarke Werkzeuge, um gro\u00dfe Fensterfl\u00e4chen, minimalistische Raumgestaltungen und die pr\u00e4zise Platzierung von M\u00f6beln zu planen \u2013 alles in einem Programm, das auf einfache Bedienung und professionelle Ergebnisse ausgelegt ist. Zudem erhalten Sie bei uns ein 14-t\u00e4giges Widerrufsrecht: Falls die Software doch nicht Ihren Erwartungen entspricht, k\u00f6nnen Sie den Kauf einfach per E-Mail widerrufen.[\/vc_column_text]<div class=\"gem-youtube gem-wrapbox gem-wrapbox-style-no-style rounded-corners gem-wrapbox-position-below\" style=\"width: 100%;\"><div class=\"gem-wrapbox-inner gem-ratio-style\" style=\"padding-top: 56.25%\"><iframe class=\"gem-wrapbox-element img-responsive\" width=\"100%\" height=\"300\" allowfullscreen=\"allowfullscreen\" frameborder=\"0\" scrolling=\"no\" marginheight=\"0\" marginwidth=\"0\" src=\"\/\/www.youtube.com\/embed\/pNn55Zf_Qxs?rel=0&amp;wmode=opaque\"><\/iframe><\/div><\/div>[\/vc_column][vc_column width=&#8221;1\/3&#8243; css=&#8221;.vc_custom_1705131079263{background-color: #23262d !important;border-radius: 35px !important;}&#8221;][vc_column_text]<\/p>\n<h3><span style=\"color: #ffffff;\">Planen Sie Ihr Projekt mit dem Plan7Architekt<\/span><\/h3>\n<p><span style=\"color: #ffffff;\"><a style=\"color: #ffffff;\" href=\"https:\/\/plan7architekt.com\/produkt\/kaufen\/\"><img decoding=\"async\" class=\"aligncenter size-full wp-image-36954\" src=\"https:\/\/plan7architekt.com\/i\/wp-content\/uploads\/2018\/06\/Plan7Architekt-Pro-1.png\" alt=\"\" width=\"484\" height=\"569\" srcset=\"https:\/\/plan7architekt.com\/i\/wp-content\/uploads\/2018\/06\/Plan7Architekt-Pro-1.png 484w, https:\/\/plan7architekt.com\/i\/wp-content\/uploads\/2018\/06\/Plan7Architekt-Pro-1-255x300.png 255w\" sizes=\"(max-width: 484px) 100vw, 484px\" \/><\/a><\/span><\/p>\n<p><span style=\"color: #ffffff;\"><a style=\"color: #ffffff;\" href=\"https:\/\/plan7architekt.com\/produkt\/kaufen\/\">Der Plan7Architekt Pro 5 f\u00fcr 149,99 Euro<\/a><\/span><\/p>\n<p><span style=\"color: #ffffff;\">Sie m\u00fcssen <strong>keine Vorkenntnisse<\/strong> haben, denn die Software wurde speziell f\u00fcr Laien entwickelt. Die <strong>Vorgehensweise<\/strong> der Planung in <strong>5 einfachen Schritten<\/strong>:<\/span><\/p>\n<h3><span style=\"color: #ffffff;\">1. W\u00e4nde zeichnen<\/span><\/h3>\n<figure id=\"attachment_45252\" aria-describedby=\"caption-attachment-45252\" style=\"width: 2555px\" class=\"wp-caption alignnone\"><img decoding=\"async\" class=\"wp-image-45252 size-full\" src=\"https:\/\/plan7architekt.com\/i\/wp-content\/uploads\/2024\/10\/Grundrissplanung-in-2D-Raeume-und-Waende-fuer-Ihr-Hausdesign-praezise-zeichnen-und-anpassen.webp\" alt=\"Grundrissplanung in 2D R\u00e4ume und W\u00e4nde f\u00fcr Ihr Hausdesign pr\u00e4zise zeichnen und anpassen\" width=\"2555\" height=\"1327\" srcset=\"https:\/\/plan7architekt.com\/i\/wp-content\/uploads\/2024\/10\/Grundrissplanung-in-2D-Raeume-und-Waende-fuer-Ihr-Hausdesign-praezise-zeichnen-und-anpassen.webp 2555w, https:\/\/plan7architekt.com\/i\/wp-content\/uploads\/2024\/10\/Grundrissplanung-in-2D-Raeume-und-Waende-fuer-Ihr-Hausdesign-praezise-zeichnen-und-anpassen-300x156.webp 300w, https:\/\/plan7architekt.com\/i\/wp-content\/uploads\/2024\/10\/Grundrissplanung-in-2D-Raeume-und-Waende-fuer-Ihr-Hausdesign-praezise-zeichnen-und-anpassen-1024x532.webp 1024w, https:\/\/plan7architekt.com\/i\/wp-content\/uploads\/2024\/10\/Grundrissplanung-in-2D-Raeume-und-Waende-fuer-Ihr-Hausdesign-praezise-zeichnen-und-anpassen-768x399.webp 768w, https:\/\/plan7architekt.com\/i\/wp-content\/uploads\/2024\/10\/Grundrissplanung-in-2D-Raeume-und-Waende-fuer-Ihr-Hausdesign-praezise-zeichnen-und-anpassen-1536x798.webp 1536w, https:\/\/plan7architekt.com\/i\/wp-content\/uploads\/2024\/10\/Grundrissplanung-in-2D-Raeume-und-Waende-fuer-Ihr-Hausdesign-praezise-zeichnen-und-anpassen-2048x1064.webp 2048w\" sizes=\"(max-width: 2555px) 100vw, 2555px\" \/><figcaption id=\"caption-attachment-45252\" class=\"wp-caption-text\"><span style=\"color: #ffffff;\">Grundrissplanung in 2D R\u00e4ume und W\u00e4nde f\u00fcr Ihr Hausdesign pr\u00e4zise zeichnen und anpassen<\/span><\/figcaption><\/figure>\n<h3><span style=\"color: #ffffff;\">2. Fenster &amp; T\u00fcren<\/span><\/h3>\n<figure id=\"attachment_45253\" aria-describedby=\"caption-attachment-45253\" style=\"width: 2556px\" class=\"wp-caption alignnone\"><img decoding=\"async\" class=\"wp-image-45253 size-full\" src=\"https:\/\/plan7architekt.com\/i\/wp-content\/uploads\/2024\/10\/Tuer-und-Fensterplanung-Optimieren-Sie-die-Raumaufteilung-mit-passgenauen-Tuer-und-Fensterelementen.webp\" alt=\"T\u00fcr- und Fensterplanung Optimieren Sie die Raumaufteilung mit passgenauen T\u00fcr- und Fensterelementen\" width=\"2556\" height=\"1330\" srcset=\"https:\/\/plan7architekt.com\/i\/wp-content\/uploads\/2024\/10\/Tuer-und-Fensterplanung-Optimieren-Sie-die-Raumaufteilung-mit-passgenauen-Tuer-und-Fensterelementen.webp 2556w, https:\/\/plan7architekt.com\/i\/wp-content\/uploads\/2024\/10\/Tuer-und-Fensterplanung-Optimieren-Sie-die-Raumaufteilung-mit-passgenauen-Tuer-und-Fensterelementen-300x156.webp 300w, https:\/\/plan7architekt.com\/i\/wp-content\/uploads\/2024\/10\/Tuer-und-Fensterplanung-Optimieren-Sie-die-Raumaufteilung-mit-passgenauen-Tuer-und-Fensterelementen-1024x533.webp 1024w, https:\/\/plan7architekt.com\/i\/wp-content\/uploads\/2024\/10\/Tuer-und-Fensterplanung-Optimieren-Sie-die-Raumaufteilung-mit-passgenauen-Tuer-und-Fensterelementen-768x400.webp 768w, https:\/\/plan7architekt.com\/i\/wp-content\/uploads\/2024\/10\/Tuer-und-Fensterplanung-Optimieren-Sie-die-Raumaufteilung-mit-passgenauen-Tuer-und-Fensterelementen-1536x799.webp 1536w, https:\/\/plan7architekt.com\/i\/wp-content\/uploads\/2024\/10\/Tuer-und-Fensterplanung-Optimieren-Sie-die-Raumaufteilung-mit-passgenauen-Tuer-und-Fensterelementen-2048x1066.webp 2048w\" sizes=\"(max-width: 2556px) 100vw, 2556px\" \/><figcaption id=\"caption-attachment-45253\" class=\"wp-caption-text\"><span style=\"color: #ffffff;\">T\u00fcr- und Fensterplanung Optimieren Sie die Raumaufteilung mit passgenauen T\u00fcr- und Fensterelementen<\/span><\/figcaption><\/figure>\n<h3><span style=\"color: #ffffff;\">3. Stockwerke &amp; Dach<\/span><\/h3>\n<figure id=\"attachment_45254\" aria-describedby=\"caption-attachment-45254\" style=\"width: 2553px\" class=\"wp-caption alignnone\"><img decoding=\"async\" class=\"wp-image-45254 size-full\" src=\"https:\/\/plan7architekt.com\/i\/wp-content\/uploads\/2024\/10\/Dach-und-Stockwerkplanung-Visualisieren-Sie-verschiedene-Stockwerke-und-Dachformen-in-Ihrer-Hausplanung.webp\" alt=\"Dach- und Stockwerkplanung Visualisieren Sie verschiedene Stockwerke und Dachformen in Ihrer Hausplanung\" width=\"2553\" height=\"1330\" srcset=\"https:\/\/plan7architekt.com\/i\/wp-content\/uploads\/2024\/10\/Dach-und-Stockwerkplanung-Visualisieren-Sie-verschiedene-Stockwerke-und-Dachformen-in-Ihrer-Hausplanung.webp 2553w, https:\/\/plan7architekt.com\/i\/wp-content\/uploads\/2024\/10\/Dach-und-Stockwerkplanung-Visualisieren-Sie-verschiedene-Stockwerke-und-Dachformen-in-Ihrer-Hausplanung-300x156.webp 300w, https:\/\/plan7architekt.com\/i\/wp-content\/uploads\/2024\/10\/Dach-und-Stockwerkplanung-Visualisieren-Sie-verschiedene-Stockwerke-und-Dachformen-in-Ihrer-Hausplanung-1024x533.webp 1024w, https:\/\/plan7architekt.com\/i\/wp-content\/uploads\/2024\/10\/Dach-und-Stockwerkplanung-Visualisieren-Sie-verschiedene-Stockwerke-und-Dachformen-in-Ihrer-Hausplanung-768x400.webp 768w, https:\/\/plan7architekt.com\/i\/wp-content\/uploads\/2024\/10\/Dach-und-Stockwerkplanung-Visualisieren-Sie-verschiedene-Stockwerke-und-Dachformen-in-Ihrer-Hausplanung-1536x800.webp 1536w, https:\/\/plan7architekt.com\/i\/wp-content\/uploads\/2024\/10\/Dach-und-Stockwerkplanung-Visualisieren-Sie-verschiedene-Stockwerke-und-Dachformen-in-Ihrer-Hausplanung-2048x1067.webp 2048w\" sizes=\"(max-width: 2553px) 100vw, 2553px\" \/><figcaption id=\"caption-attachment-45254\" class=\"wp-caption-text\"><span style=\"color: #ffffff;\">Dach- und Stockwerkplanung Visualisieren Sie verschiedene Stockwerke und Dachformen in Ihrer Hausplanung<\/span><\/figcaption><\/figure>\n<h3><span style=\"color: #ffffff;\">4. Texturen &amp; 3D Objekte<\/span><\/h3>\n<figure id=\"attachment_45255\" aria-describedby=\"caption-attachment-45255\" style=\"width: 2556px\" class=\"wp-caption alignnone\"><img decoding=\"async\" class=\"wp-image-45255 size-full\" src=\"https:\/\/plan7architekt.com\/i\/wp-content\/uploads\/2024\/10\/Material-und-Texturauswahl-Gestalten-Sie-Boeden-Waende-und-3D-Objekte-individuell-um-Ihre-Planung-realistisch-darzustellen.webp\" alt=\"Material- und Texturauswahl Gestalten Sie B\u00f6den, W\u00e4nde und 3D-Objekte individuell, um Ihre Planung realistisch darzustellen\" width=\"2556\" height=\"1333\" srcset=\"https:\/\/plan7architekt.com\/i\/wp-content\/uploads\/2024\/10\/Material-und-Texturauswahl-Gestalten-Sie-Boeden-Waende-und-3D-Objekte-individuell-um-Ihre-Planung-realistisch-darzustellen.webp 2556w, https:\/\/plan7architekt.com\/i\/wp-content\/uploads\/2024\/10\/Material-und-Texturauswahl-Gestalten-Sie-Boeden-Waende-und-3D-Objekte-individuell-um-Ihre-Planung-realistisch-darzustellen-300x156.webp 300w, https:\/\/plan7architekt.com\/i\/wp-content\/uploads\/2024\/10\/Material-und-Texturauswahl-Gestalten-Sie-Boeden-Waende-und-3D-Objekte-individuell-um-Ihre-Planung-realistisch-darzustellen-1024x534.webp 1024w, https:\/\/plan7architekt.com\/i\/wp-content\/uploads\/2024\/10\/Material-und-Texturauswahl-Gestalten-Sie-Boeden-Waende-und-3D-Objekte-individuell-um-Ihre-Planung-realistisch-darzustellen-768x401.webp 768w, https:\/\/plan7architekt.com\/i\/wp-content\/uploads\/2024\/10\/Material-und-Texturauswahl-Gestalten-Sie-Boeden-Waende-und-3D-Objekte-individuell-um-Ihre-Planung-realistisch-darzustellen-1536x801.webp 1536w, https:\/\/plan7architekt.com\/i\/wp-content\/uploads\/2024\/10\/Material-und-Texturauswahl-Gestalten-Sie-Boeden-Waende-und-3D-Objekte-individuell-um-Ihre-Planung-realistisch-darzustellen-2048x1068.webp 2048w\" sizes=\"(max-width: 2556px) 100vw, 2556px\" \/><figcaption id=\"caption-attachment-45255\" class=\"wp-caption-text\"><span style=\"color: #ffffff;\">Material- und Texturauswahl Gestalten Sie B\u00f6den, W\u00e4nde und 3D-Objekte individuell, um Ihre Planung realistisch darzustellen<\/span><\/figcaption><\/figure>\n<h3><span style=\"color: #ffffff;\">5. Plan f\u00fcr den Bauantrag<\/span><\/h3>\n<figure id=\"attachment_45256\" aria-describedby=\"caption-attachment-45256\" style=\"width: 2556px\" class=\"wp-caption alignnone\"><img decoding=\"async\" class=\"wp-image-45256 size-full\" src=\"https:\/\/plan7architekt.com\/i\/wp-content\/uploads\/2024\/10\/Erstellen-Sie-professionelle-Bauzeichnungen-mit-Seitenansichten-Schnitten-und-Planzusammenstellungen.webp\" alt=\"Erstellen Sie professionelle Bauzeichnungen mit Seitenansichten, Schnitten und Planzusammenstellungen\" width=\"2556\" height=\"1329\" srcset=\"https:\/\/plan7architekt.com\/i\/wp-content\/uploads\/2024\/10\/Erstellen-Sie-professionelle-Bauzeichnungen-mit-Seitenansichten-Schnitten-und-Planzusammenstellungen.webp 2556w, https:\/\/plan7architekt.com\/i\/wp-content\/uploads\/2024\/10\/Erstellen-Sie-professionelle-Bauzeichnungen-mit-Seitenansichten-Schnitten-und-Planzusammenstellungen-300x156.webp 300w, https:\/\/plan7architekt.com\/i\/wp-content\/uploads\/2024\/10\/Erstellen-Sie-professionelle-Bauzeichnungen-mit-Seitenansichten-Schnitten-und-Planzusammenstellungen-1024x532.webp 1024w, https:\/\/plan7architekt.com\/i\/wp-content\/uploads\/2024\/10\/Erstellen-Sie-professionelle-Bauzeichnungen-mit-Seitenansichten-Schnitten-und-Planzusammenstellungen-768x399.webp 768w, https:\/\/plan7architekt.com\/i\/wp-content\/uploads\/2024\/10\/Erstellen-Sie-professionelle-Bauzeichnungen-mit-Seitenansichten-Schnitten-und-Planzusammenstellungen-1536x799.webp 1536w, https:\/\/plan7architekt.com\/i\/wp-content\/uploads\/2024\/10\/Erstellen-Sie-professionelle-Bauzeichnungen-mit-Seitenansichten-Schnitten-und-Planzusammenstellungen-2048x1065.webp 2048w\" sizes=\"(max-width: 2556px) 100vw, 2556px\" \/><figcaption id=\"caption-attachment-45256\" class=\"wp-caption-text\"><span style=\"color: #ffffff;\">Erstellen Sie professionelle Bauzeichnungen mit Seitenansichten, Schnitten und Planzusammenstellungen<\/span><\/figcaption><\/figure>\n<ul>\n<li><span style=\"color: #ffffff;\">&#8211; Deutsche &amp; europ\u00e4ische Baustandards<\/span><\/li>\n<li><span style=\"color: #ffffff;\">&#8211; Auf 3 PCs gleichzeitig nutzbar<\/span><\/li>\n<li><span style=\"color: #ffffff;\">&#8211; Austausch mit dem Architekten m\u00f6glich<\/span><\/li>\n<li><span style=\"color: #ffffff;\">&#8211; Umfangreiches Benutzerhandbuch<\/span><\/li>\n<li><span style=\"color: #ffffff;\">&#8211; Regelm\u00e4\u00dfige Updates<\/span><\/li>\n<li><span style=\"color: #ffffff;\">&#8211; Video-Tutorials<\/span><\/li>\n<li><span style=\"color: #ffffff;\">&#8211; Millionen 3D Objekte<\/span><\/li>\n<\/ul>\n<p>[\/vc_column_text][vc_btn title=&#8221;zum Versionsvergleich&#8221; color=&#8221;primary&#8221; size=&#8221;lg&#8221; align=&#8221;center&#8221; button_block=&#8221;true&#8221; link=&#8221;url:https%3A%2F%2Fplan7architekt.com%2Fversionsvergleich%2F&#8221;][vc_empty_space][vc_btn title=&#8221;zum Produkt&#8221; color=&#8221;sky&#8221; size=&#8221;lg&#8221; align=&#8221;center&#8221; button_block=&#8221;true&#8221; link=&#8221;url:https%3A%2F%2Fplan7architekt.com%2Fprodukt%2Fkaufen%2F&#8221;][vc_empty_space][\/vc_column][\/vc_row][vc_row][vc_column][vc_column_text]<\/p>\n<h2>Die 3 Plan7Architekten<\/h2>\n<p><style type=\"text\/css\">@import url(\/\/fonts.googleapis.com\/css?family=Raleway:400);@import url(https:\/\/plan7architekt.com\/i\/wp-content\/plugins\/go_pricing\/assets\/lib\/font_awesome\/css\/font-awesome.min.css); #go-pricing-table-38664 .gw-go { margin-left:-50px; } #go-pricing-table-38664 .gw-go-col { margin-left:50px; } #go-pricing-table-38664 .gw-go-col-wrap { min-width:130px; } #go-pricing-table-38664 .gw-go-col-inner { border-radius:0 0 0 0; } #go-pricing-table-38664 .gw-go-tooltip-content { background-color:#333333;color:#ffffff; } #go-pricing-table-38664 .gw-go-tooltip:before { border-top-color:#333333; } #go-pricing-table-38664 .gw-go-col-wrap-0.gw-go-hover .gw-go-header-top { background-color:#2089c8; } #go-pricing-table-38664 .gw-go-col-wrap-0 .gw-go-price-wrap span, #go-pricing-table-38664 .gw-go-col-wrap-0 .gw-go-coinf div, #go-pricing-table-38664 .gw-go-col-wrap-0 .gw-go-coinb div { color:#2089c8; } #go-pricing-table-38664 .gw-go-col-wrap-0 .gw-go-body li[data-row-index=\"0\"] { font-size:28px !important; line-height:70px !important; } #go-pricing-table-38664 .gw-go-col-wrap-0 .gw-go-body li[data-row-index=\"1\"] { font-size:18px !important; line-height:24px !important; font-family:Raleway, sans-serif !important; } #go-pricing-table-38664 .gw-go-col-wrap-0 .gw-go-body li[data-row-index=\"2\"] { font-size:18px !important; line-height:24px !important; font-family:Raleway, sans-serif !important; } #go-pricing-table-38664 .gw-go-col-wrap-0 .gw-go-body li[data-row-index=\"3\"] { font-size:14px !important; line-height:16px !important; } #go-pricing-table-38664 .gw-go-col-wrap-0 .gw-go-footer-row[data-row-index=\"0\"]  { font-size:12px !important; line-height:16px !important; } #go-pricing-table-38664 .gw-go-col-wrap-0 .gw-go-footer-row[data-row-index=\"1\"]  .gw-go-btn { font-size:14px !important; } #go-pricing-table-38664 .gw-go-col-wrap-0 .gw-go-footer-row[data-row-index=\"1\"] .gw-go-btn { background-color:#00bcd4 !important; } #go-pricing-table-38664 .gw-go-col-wrap-1.gw-go-hover .gw-go-header-top { background-color:#2089c8; } #go-pricing-table-38664 .gw-go-col-wrap-1 .gw-go-price-wrap span, #go-pricing-table-38664 .gw-go-col-wrap-1 .gw-go-coinf div, #go-pricing-table-38664 .gw-go-col-wrap-1 .gw-go-coinb div { color:#2089c8; } #go-pricing-table-38664 .gw-go-col-wrap-1 .gw-go-body li[data-row-index=\"0\"] { font-size:28px !important; line-height:70px !important; } #go-pricing-table-38664 .gw-go-col-wrap-1 .gw-go-body li[data-row-index=\"1\"] { font-size:18px !important; line-height:24px !important; font-family:Raleway, sans-serif !important; } #go-pricing-table-38664 .gw-go-col-wrap-1 .gw-go-body li[data-row-index=\"2\"] { font-size:18px !important; line-height:24px !important; font-family:Raleway, sans-serif !important; } #go-pricing-table-38664 .gw-go-col-wrap-1 .gw-go-body li[data-row-index=\"3\"] { font-size:14px !important; line-height:16px !important; } #go-pricing-table-38664 .gw-go-col-wrap-1 .gw-go-footer-row[data-row-index=\"0\"]  { font-size:13px !important; line-height:16px !important; } #go-pricing-table-38664 .gw-go-col-wrap-1 .gw-go-footer-row[data-row-index=\"1\"]  .gw-go-btn { font-size:14px !important; } #go-pricing-table-38664 .gw-go-col-wrap-1 .gw-go-footer-row[data-row-index=\"1\"] .gw-go-btn { background-color:#00bcd4 !important; } #go-pricing-table-38664 .gw-go-col-wrap-2.gw-go-hover .gw-go-header-top { background-color:#2089c8; } #go-pricing-table-38664 .gw-go-col-wrap-2 .gw-go-price-wrap span, #go-pricing-table-38664 .gw-go-col-wrap-2 .gw-go-coinf div, #go-pricing-table-38664 .gw-go-col-wrap-2 .gw-go-coinb div { color:#2089c8; } #go-pricing-table-38664 .gw-go-col-wrap-2 .gw-go-body li[data-row-index=\"0\"] { font-size:28px !important; line-height:70px !important; } #go-pricing-table-38664 .gw-go-col-wrap-2 .gw-go-body li[data-row-index=\"1\"] { font-size:18px !important; line-height:24px !important; font-family:Raleway, sans-serif !important; } #go-pricing-table-38664 .gw-go-col-wrap-2 .gw-go-body li[data-row-index=\"2\"] { font-size:18px !important; line-height:24px !important; font-family:Raleway, sans-serif !important; } #go-pricing-table-38664 .gw-go-col-wrap-2 .gw-go-body li[data-row-index=\"3\"] { font-size:14px !important; line-height:16px !important; } #go-pricing-table-38664 .gw-go-col-wrap-2 .gw-go-footer-row[data-row-index=\"0\"]  { font-size:12px !important; line-height:16px !important; } #go-pricing-table-38664 .gw-go-col-wrap-2 .gw-go-footer-row[data-row-index=\"1\"]  .gw-go-btn { font-size:14px !important; } #go-pricing-table-38664 .gw-go-col-wrap-2 .gw-go-footer-row[data-row-index=\"1\"] .gw-go-btn { background-color:#00bcd4 !important; } #go-pricing-table-38664 .gw-go { visibility:inherit; }<\/style><style>@media only screen and (min-width: 480px) and (max-width: 767px) { #go-pricing-table-38664 .gw-go-col-wrap { width:50%; } }<\/style><style>@media only screen and (min-width: 480px) and (max-width: 767px) { .gw-go-tooltip { left:50% !important; right:auto !important; transform: translateX(-50%) !important; margin-left:0!important; } .gw-go-tooltip-content:before { right:auto !important; left:50% !important; margin-left:-6px !important; } }<\/style><style>@media only screen and (max-width: 479px) { #go-pricing-table-38664 .gw-go-col-wrap { width:100%; } }<\/style><style>@media only screen and (max-width: 479px) { .gw-go-tooltip { left:50% !important; right:auto !important; transform: translateX(-50%) !important; margin-left:0!important; } .gw-go-tooltip-content:before { right:auto !important; left:50% !important; margin-left:-6px !important; } }<\/style><div id=\"go-pricing-table-38664\" class=\"go-pricing\" style=\"margin-bottom:20px;\"><div class=\"gw-go gw-go-clearfix gw-go-enlarge-current gw-go-3cols\" data-id=\"38664\" data-colnum=\"3\" data-equalize=\"{&quot;body&quot;:&quot;1&quot;,&quot;footer&quot;:&quot;1&quot;}\" data-views=\"{&quot;tp&quot;:{&quot;min&quot;:&quot;768&quot;,&quot;max&quot;:&quot;959&quot;,&quot;cols&quot;:&quot;&quot;},&quot;ml&quot;:{&quot;min&quot;:&quot;480&quot;,&quot;max&quot;:&quot;767&quot;,&quot;cols&quot;:&quot;2&quot;},&quot;mp&quot;:{&quot;min&quot;:&quot;&quot;,&quot;max&quot;:&quot;479&quot;,&quot;cols&quot;:&quot;1&quot;}}\"><div class=\"gw-go-col-wrap gw-go-col-wrap-0 gw-go-hover gw-go-disable-enlarge gw-go-disable-hover\" data-current=\"1\" data-col-index=\"0\"><div class=\"gw-go-col gw-go-clean-style1\"><div class=\"gw-go-col-inner\"><div class=\"gw-go-col-inner-layer\"><\/div><div class=\"gw-go-col-inner-layer-over\"><\/div><div class=\"gw-go-header gw-go-header-standard\"><a href=\"https:\/\/plan7architekt.com\/produkt\/basic\/?v=5f02f0889301\"><img decoding=\"async\" class=\"aligncenter wp-image-47113 size-full\" src=\"https:\/\/plan7architekt.com\/i\/wp-content\/uploads\/2025\/07\/Plan7Architekt-Basic-6.png\" alt=\"\" width=\"765\" height=\"900\" srcset=\"https:\/\/plan7architekt.com\/i\/wp-content\/uploads\/2025\/07\/Plan7Architekt-Basic-6.png 765w, https:\/\/plan7architekt.com\/i\/wp-content\/uploads\/2025\/07\/Plan7Architekt-Basic-6-255x300.png 255w, https:\/\/plan7architekt.com\/i\/wp-content\/uploads\/2025\/07\/Plan7Architekt-Basic-6-500x588.png 500w, https:\/\/plan7architekt.com\/i\/wp-content\/uploads\/2025\/07\/Plan7Architekt-Basic-6-700x824.png 700w\" sizes=\"(max-width: 765px) 100vw, 765px\" \/><\/a><\/div><ul class=\"gw-go-body\"><li data-row-index=\"0\"><div class=\"gw-go-body-cell\"><span style=\"color:#2089c8;\">79.99\u20ac<\/span><\/div><\/li><li class=\"gw-go-even\" data-row-index=\"1\"><div class=\"gw-go-body-cell\">(Letztes Update: Februar 2025)<\/div><\/li><li data-row-index=\"2\"><div class=\"gw-go-body-cell\"><span style=\"color:#000000;\"><br>Geeignet f\u00fcr kleine Hobby-Projekte<br><\/span>\r\n<span style=\"color:#000000;\"><br>keine Gartenplanung und nur eine eingeschr\u00e4nkte Grundrisserstellung mit wenigen Wandarten<br><\/span><\/div><\/li><li class=\"gw-go-even\" data-row-index=\"3\"><div class=\"gw-go-body-cell\"><\/br>17 Bewertungen<\/br><i style=\"color:#ffae00; font-size:12px;\" class=\"fa fa-star\"><\/i> <i style=\"color:#ffae00; font-size:12px;\" class=\"fa fa-star\"><\/i> <i style=\"color:#ffae00; font-size:12px;\" class=\"fa fa-star\"><\/i> <i style=\"color:#ffae00; font-size:12px;\" class=\"fa fa-star\"><\/i> <i style=\"color:#838383; font-size:12px;\" class=\"fa fa-star-o\"><\/i><\/br><\/br><\/div><\/li><\/ul><div class=\"gw-go-footer-wrap\"><div class=\"gw-go-footer-spacer\"><\/div><div class=\"gw-go-footer\"><div class=\"gw-go-footer-rows\"><div class=\"gw-go-footer-row\" data-row-index=\"0\"><div class=\"gw-go-footer-row-inner\">&nbsp;<\/div><\/div><div class=\"gw-go-footer-row gw-go-even\" data-row-index=\"1\"><div class=\"gw-go-footer-row-inner\"><a href=\"https:\/\/plan7architekt.com\/produkt\/basic\/\" class=\"gw-go-btn gw-go-btn-large\"><span class=\"gw-go-btn-inner\">zum Produkt<\/span><\/a><\/div><\/div><\/div><\/div><\/div><\/div><\/div><\/div><div class=\"gw-go-col-wrap gw-go-col-wrap-1 gw-go-hover gw-go-disable-enlarge gw-go-disable-hover\" data-current=\"1\" data-col-index=\"1\"><div class=\"gw-go-col gw-go-clean-style1\"><div class=\"gw-go-col-inner\"><div class=\"gw-go-col-inner-layer\"><\/div><div class=\"gw-go-col-inner-layer-over\"><\/div><div class=\"gw-go-header gw-go-header-standard\"><a href=\"https:\/\/plan7architekt.com\/produkt\/expert\/\"><img decoding=\"async\" class=\"aligncenter wp-image-47112 size-full\" src=\"https:\/\/plan7architekt.com\/i\/wp-content\/uploads\/2025\/07\/Plan7Architekt-Expert-4.png\" alt=\"\" width=\"765\" height=\"900\" srcset=\"https:\/\/plan7architekt.com\/i\/wp-content\/uploads\/2025\/07\/Plan7Architekt-Expert-4.png 765w, https:\/\/plan7architekt.com\/i\/wp-content\/uploads\/2025\/07\/Plan7Architekt-Expert-4-255x300.png 255w, https:\/\/plan7architekt.com\/i\/wp-content\/uploads\/2025\/07\/Plan7Architekt-Expert-4-500x588.png 500w, https:\/\/plan7architekt.com\/i\/wp-content\/uploads\/2025\/07\/Plan7Architekt-Expert-4-700x824.png 700w\" sizes=\"(max-width: 765px) 100vw, 765px\" \/><\/a><\/div><ul class=\"gw-go-body\"><li data-row-index=\"0\"><div class=\"gw-go-body-cell\"><span style=\"color:#2089c8;\">99,99\u20ac<\/span><\/div><\/li><li class=\"gw-go-even\" data-row-index=\"1\"><div class=\"gw-go-body-cell\">(Letztes Update: Februar 2025)<\/div><\/li><li data-row-index=\"2\"><div class=\"gw-go-body-cell\"><span style=\"color:#000000;\"><br>f\u00fcr mittelgro\u00dfe Projekte<br><\/span>\r\n<span style=\"color:#000000;\"><br>uneingeschr\u00e4nkte Grundrisserstellung & Gartenplanung<br><\/span>\r\n<span style=\"color:#000000;\"><br>keine Exportm\u00f6glichkeiten an den Architekten und keine Planerstellung f\u00fcr den Bauantrag<br><\/span><\/div><\/li><li class=\"gw-go-even\" data-row-index=\"3\"><div class=\"gw-go-body-cell\"><\/br>35 Bewertungen<\/br><i style=\"color:#ffae00; font-size:12px;\" class=\"fa fa-star\"><\/i> <i style=\"color:#ffae00; font-size:12px;\" class=\"fa fa-star\"><\/i> <i style=\"color:#ffae00; font-size:12px;\" class=\"fa fa-star\"><\/i> <i style=\"color:#ffae00; font-size:12px;\" class=\"fa fa-star\"><\/i> <i style=\"color:#838383; font-size:12px;\" class=\"fa fa-star-o\"><\/i><\/br><\/br><\/div><\/li><\/ul><div class=\"gw-go-footer-wrap\"><div class=\"gw-go-footer-spacer\"><\/div><div class=\"gw-go-footer\"><div class=\"gw-go-footer-rows\"><div class=\"gw-go-footer-row\" data-row-index=\"0\"><div class=\"gw-go-footer-row-inner\"><span style=\"color:#9d9d9d; text-decoration: line-through !important;\"><\/span><\/div><\/div><div class=\"gw-go-footer-row gw-go-even\" data-row-index=\"1\"><div class=\"gw-go-footer-row-inner\"><a href=\"https:\/\/plan7architekt.com\/produkt\/expert\/\" class=\"gw-go-btn gw-go-btn-large\"><span class=\"gw-go-btn-inner\">zum Produkt<\/span><\/a><\/div><\/div><\/div><\/div><\/div><\/div><\/div><\/div><div class=\"gw-go-col-wrap gw-go-col-wrap-2 gw-go-hover gw-go-disable-enlarge gw-go-disable-hover\" data-current=\"1\" data-col-index=\"2\"><div class=\"gw-go-col gw-go-clean-style1\"><div class=\"gw-go-col-inner\"><div class=\"gw-go-col-inner-layer\"><\/div><div class=\"gw-go-col-inner-layer-over\"><\/div><div class=\"gw-go-ribbon-text gw-go-ribbon-shadow gw-go-ribbon-left\"><span style=\"color:#ffffff; background-color:#00a4f9; font-weight:bold !important;\">BESTSELLER<\/span><\/div><div class=\"gw-go-header gw-go-header-standard\"><a href=\"https:\/\/plan7architekt.com\/produkt\/kaufen\/\"><img decoding=\"async\" class=\"aligncenter wp-image-47114 size-full\" src=\"https:\/\/plan7architekt.com\/i\/wp-content\/uploads\/2025\/07\/Plan7Architekt-Pro-4.png\" alt=\"\" width=\"765\" height=\"900\" srcset=\"https:\/\/plan7architekt.com\/i\/wp-content\/uploads\/2025\/07\/Plan7Architekt-Pro-4.png 765w, https:\/\/plan7architekt.com\/i\/wp-content\/uploads\/2025\/07\/Plan7Architekt-Pro-4-255x300.png 255w, https:\/\/plan7architekt.com\/i\/wp-content\/uploads\/2025\/07\/Plan7Architekt-Pro-4-500x588.png 500w, https:\/\/plan7architekt.com\/i\/wp-content\/uploads\/2025\/07\/Plan7Architekt-Pro-4-700x824.png 700w\" sizes=\"(max-width: 765px) 100vw, 765px\" \/><\/a><\/div><ul class=\"gw-go-body\"><li data-row-index=\"0\"><div class=\"gw-go-body-cell\"><span style=\"color:#2089c8;\">149,99\u20ac<\/span><\/div><\/li><li class=\"gw-go-even\" data-row-index=\"1\"><div class=\"gw-go-body-cell\">(Letztes Update: Februar 2025)<\/div><\/li><li data-row-index=\"2\"><div class=\"gw-go-body-cell\"><span style=\"color:#000000;\"><br>f\u00fcr Projekte jeder Gr\u00f6\u00dfe<br><\/span>\r\n<span style=\"color:#000000;\"><br>Import & Export f\u00fcr die Zusammenarbeit mit einem Architekten<br><\/span>\r\n<span style=\"color:#000000;\"><br>Planerstellung f\u00fcr echte Bauantr\u00e4ge nach deutschen & europ\u00e4ischen Baustandards<br><\/span>\r\n<span style=\"color:#000000;\"><br>viel gr\u00f6\u00dferer Funktionsumfang als in den beiden anderen Versionen<br><\/span><\/div><\/li><li class=\"gw-go-even\" data-row-index=\"3\"><div class=\"gw-go-body-cell\"><\/br>132 Bewertungen<\/br><i style=\"color:#ffae00; font-size:12px;\" class=\"fa fa-star\"><\/i> <i style=\"color:#ffae00; font-size:12px;\" class=\"fa fa-star\"><\/i> <i style=\"color:#ffae00; font-size:12px;\" class=\"fa fa-star\"><\/i> <i style=\"color:#ffae00; font-size:12px;\" class=\"fa fa-star\"><\/i> <i style=\"color:#ffae00; font-size:12px;\" class=\"fa fa-star\"><\/i><\/br><\/br><\/div><\/li><\/ul><div class=\"gw-go-footer-wrap\"><div class=\"gw-go-footer-spacer\"><\/div><div class=\"gw-go-footer\"><div class=\"gw-go-footer-rows\"><div class=\"gw-go-footer-row\" data-row-index=\"0\"><div class=\"gw-go-footer-row-inner\">&nbsp;<\/div><\/div><div class=\"gw-go-footer-row gw-go-even\" data-row-index=\"1\"><div class=\"gw-go-footer-row-inner\"><a href=\"https:\/\/plan7architekt.com\/produkt\/kaufen\/\" class=\"gw-go-btn gw-go-btn-large\"><span class=\"gw-go-btn-inner\">zum Produkt<\/span><\/a><\/div><\/div><\/div><\/div><\/div><\/div><\/div><\/div><\/div><\/div>[\/vc_column_text][\/vc_column][\/vc_row]<\/p>\n<\/section>","protected":false},"excerpt":{"rendered":"<p>[vc_row][vc_column width=&#8221;2\/3&#8243;][vc_column_text] Definition von \u201eBauhaus\u201c und \u201eKubus\u201c Der Bauhaus-Stil und die Kubus-Architektur sind eng miteinander verbunden, doch beide Begriffe&#8230;<\/p>\n","protected":false},"author":584,"featured_media":46577,"comment_status":"closed","ping_status":"closed","sticky":false,"template":"","format":"standard","meta":{"footnotes":""},"categories":[361],"tags":[],"class_list":{"0":"post-46576","1":"post","2":"type-post","3":"status-publish","4":"format-standard","5":"has-post-thumbnail","7":"category-haustypen-im-vergleich"},"yoast_head":"<!-- This site is optimized with the Yoast SEO plugin v27.5 - https:\/\/yoast.com\/product\/yoast-seo-wordpress\/ -->\n<title>Bauhaus\/Kubus \u2013 Definition, Vor- &amp; Nachteile, Merkmale<\/title>\n<meta name=\"robots\" content=\"index, follow, max-snippet:-1, max-image-preview:large, max-video-preview:-1\" \/>\n<link rel=\"canonical\" href=\"https:\/\/plan7architekt.com\/i\/bauhaus-kubus-definition-vor-nachteile-merkmale-ai61\/\" \/>\n<meta name=\"twitter:label1\" content=\"Geschrieben von\" \/>\n\t<meta name=\"twitter:data1\" content=\"Plan7Architekt Support\" \/>\n\t<meta name=\"twitter:label2\" content=\"Gesch\u00e4tzte Lesezeit\" \/>\n\t<meta name=\"twitter:data2\" content=\"9\u00a0Minuten\" \/>\n<script type=\"application\/ld+json\" class=\"yoast-schema-graph\">{\"@context\":\"https:\\\/\\\/schema.org\",\"@graph\":[{\"@type\":\"Article\",\"@id\":\"https:\\\/\\\/plan7architekt.com\\\/i\\\/bauhaus-kubus-definition-vor-nachteile-merkmale-ai61\\\/#article\",\"isPartOf\":{\"@id\":\"https:\\\/\\\/plan7architekt.com\\\/i\\\/bauhaus-kubus-definition-vor-nachteile-merkmale-ai61\\\/\"},\"author\":{\"name\":\"Plan7Architekt Support\",\"@id\":\"https:\\\/\\\/plan7architekt.com\\\/i\\\/#\\\/schema\\\/person\\\/9ab7931240253702d63bf04e4dfe2a64\"},\"headline\":\"Bauhaus\\\/Kubus \u2013 Definition, Vor- &#038; Nachteile, Merkmale\",\"datePublished\":\"2024-11-20T14:08:48+00:00\",\"mainEntityOfPage\":{\"@id\":\"https:\\\/\\\/plan7architekt.com\\\/i\\\/bauhaus-kubus-definition-vor-nachteile-merkmale-ai61\\\/\"},\"wordCount\":1482,\"publisher\":{\"@id\":\"https:\\\/\\\/plan7architekt.com\\\/i\\\/#organization\"},\"image\":{\"@id\":\"https:\\\/\\\/plan7architekt.com\\\/i\\\/bauhaus-kubus-definition-vor-nachteile-merkmale-ai61\\\/#primaryimage\"},\"thumbnailUrl\":\"https:\\\/\\\/plan7architekt.com\\\/i\\\/wp-content\\\/uploads\\\/2024\\\/11\\\/Minimalistisches-Wohnkonzept-im-Bauhaus-Stil-\u2013-Geplant-mit-Plan7Architekt-Offene-Raumgestaltung-und-klare-Linien.webp\",\"articleSection\":[\"Haustypen im Vergleich\"],\"inLanguage\":\"de\"},{\"@type\":\"WebPage\",\"@id\":\"https:\\\/\\\/plan7architekt.com\\\/i\\\/bauhaus-kubus-definition-vor-nachteile-merkmale-ai61\\\/\",\"url\":\"https:\\\/\\\/plan7architekt.com\\\/i\\\/bauhaus-kubus-definition-vor-nachteile-merkmale-ai61\\\/\",\"name\":\"Bauhaus\\\/Kubus \u2013 Definition, Vor- & Nachteile, Merkmale\",\"isPartOf\":{\"@id\":\"https:\\\/\\\/plan7architekt.com\\\/i\\\/#website\"},\"primaryImageOfPage\":{\"@id\":\"https:\\\/\\\/plan7architekt.com\\\/i\\\/bauhaus-kubus-definition-vor-nachteile-merkmale-ai61\\\/#primaryimage\"},\"image\":{\"@id\":\"https:\\\/\\\/plan7architekt.com\\\/i\\\/bauhaus-kubus-definition-vor-nachteile-merkmale-ai61\\\/#primaryimage\"},\"thumbnailUrl\":\"https:\\\/\\\/plan7architekt.com\\\/i\\\/wp-content\\\/uploads\\\/2024\\\/11\\\/Minimalistisches-Wohnkonzept-im-Bauhaus-Stil-\u2013-Geplant-mit-Plan7Architekt-Offene-Raumgestaltung-und-klare-Linien.webp\",\"breadcrumb\":{\"@id\":\"https:\\\/\\\/plan7architekt.com\\\/i\\\/bauhaus-kubus-definition-vor-nachteile-merkmale-ai61\\\/#breadcrumb\"},\"inLanguage\":\"de\",\"potentialAction\":[{\"@type\":\"ReadAction\",\"target\":[\"https:\\\/\\\/plan7architekt.com\\\/i\\\/bauhaus-kubus-definition-vor-nachteile-merkmale-ai61\\\/\"]}]},{\"@type\":\"ImageObject\",\"inLanguage\":\"de\",\"@id\":\"https:\\\/\\\/plan7architekt.com\\\/i\\\/bauhaus-kubus-definition-vor-nachteile-merkmale-ai61\\\/#primaryimage\",\"url\":\"https:\\\/\\\/plan7architekt.com\\\/i\\\/wp-content\\\/uploads\\\/2024\\\/11\\\/Minimalistisches-Wohnkonzept-im-Bauhaus-Stil-\u2013-Geplant-mit-Plan7Architekt-Offene-Raumgestaltung-und-klare-Linien.webp\",\"contentUrl\":\"https:\\\/\\\/plan7architekt.com\\\/i\\\/wp-content\\\/uploads\\\/2024\\\/11\\\/Minimalistisches-Wohnkonzept-im-Bauhaus-Stil-\u2013-Geplant-mit-Plan7Architekt-Offene-Raumgestaltung-und-klare-Linien.webp\",\"width\":2555,\"height\":1325,\"caption\":\"Minimalistisches Wohnkonzept im Bauhaus-Stil \u2013 Geplant mit Plan7Architekt Offene Raumgestaltung und klare Linien\"},{\"@type\":\"BreadcrumbList\",\"@id\":\"https:\\\/\\\/plan7architekt.com\\\/i\\\/bauhaus-kubus-definition-vor-nachteile-merkmale-ai61\\\/#breadcrumb\",\"itemListElement\":[{\"@type\":\"ListItem\",\"position\":1,\"name\":\"Blog\",\"item\":\"https:\\\/\\\/plan7architekt.com\\\/i\\\/\"},{\"@type\":\"ListItem\",\"position\":2,\"name\":\"Haustypen im Vergleich\",\"item\":\"https:\\\/\\\/plan7architekt.com\\\/i\\\/category\\\/haustypen-im-vergleich\\\/\"},{\"@type\":\"ListItem\",\"position\":3,\"name\":\"Bauhaus\\\/Kubus \u2013 Definition, Vor- &#038; Nachteile, Merkmale\"}]},{\"@type\":\"WebSite\",\"@id\":\"https:\\\/\\\/plan7architekt.com\\\/i\\\/#website\",\"url\":\"https:\\\/\\\/plan7architekt.com\\\/i\\\/\",\"name\":\"Plan7Architekt\",\"description\":\"\",\"publisher\":{\"@id\":\"https:\\\/\\\/plan7architekt.com\\\/i\\\/#organization\"},\"potentialAction\":[{\"@type\":\"SearchAction\",\"target\":{\"@type\":\"EntryPoint\",\"urlTemplate\":\"https:\\\/\\\/plan7architekt.com\\\/i\\\/?s={search_term_string}\"},\"query-input\":{\"@type\":\"PropertyValueSpecification\",\"valueRequired\":true,\"valueName\":\"search_term_string\"}}],\"inLanguage\":\"de\"},{\"@type\":\"Organization\",\"@id\":\"https:\\\/\\\/plan7architekt.com\\\/i\\\/#organization\",\"name\":\"Plan7Architekt\",\"url\":\"https:\\\/\\\/plan7architekt.com\\\/i\\\/\",\"logo\":{\"@type\":\"ImageObject\",\"inLanguage\":\"de\",\"@id\":\"https:\\\/\\\/plan7architekt.com\\\/i\\\/#\\\/schema\\\/logo\\\/image\\\/\",\"url\":\"https:\\\/\\\/plan7architekt.com\\\/i\\\/wp-content\\\/uploads\\\/2018\\\/06\\\/Logo_Plan7architekt-2.jpg\",\"contentUrl\":\"https:\\\/\\\/plan7architekt.com\\\/i\\\/wp-content\\\/uploads\\\/2018\\\/06\\\/Logo_Plan7architekt-2.jpg\",\"width\":395,\"height\":45,\"caption\":\"Plan7Architekt\"},\"image\":{\"@id\":\"https:\\\/\\\/plan7architekt.com\\\/i\\\/#\\\/schema\\\/logo\\\/image\\\/\"},\"sameAs\":[\"https:\\\/\\\/www.facebook.com\\\/people\\\/Plan7Architekt-Architektursoftware\\\/100063592615389\\\/\",\"https:\\\/\\\/www.youtube.com\\\/@plan7architekt\",\"https:\\\/\\\/www.instagram.com\\\/plan7architekt_de\\\/\",\"https:\\\/\\\/www.trustedshops.de\\\/bewertung\\\/info_XC87D0FA41684537E9E0DC3C77C926E32.html\",\"https:\\\/\\\/de.trustpilot.com\\\/review\\\/plan7architekt.com\"]},{\"@type\":\"Person\",\"@id\":\"https:\\\/\\\/plan7architekt.com\\\/i\\\/#\\\/schema\\\/person\\\/9ab7931240253702d63bf04e4dfe2a64\",\"name\":\"Plan7Architekt Support\"}]}<\/script>\n<!-- \/ Yoast SEO plugin. -->","yoast_head_json":{"title":"Bauhaus\/Kubus \u2013 Definition, Vor- & Nachteile, Merkmale","robots":{"index":"index","follow":"follow","max-snippet":"max-snippet:-1","max-image-preview":"max-image-preview:large","max-video-preview":"max-video-preview:-1"},"canonical":"https:\/\/plan7architekt.com\/i\/bauhaus-kubus-definition-vor-nachteile-merkmale-ai61\/","twitter_misc":{"Geschrieben von":"Plan7Architekt Support","Gesch\u00e4tzte Lesezeit":"9\u00a0Minuten"},"schema":{"@context":"https:\/\/schema.org","@graph":[{"@type":"Article","@id":"https:\/\/plan7architekt.com\/i\/bauhaus-kubus-definition-vor-nachteile-merkmale-ai61\/#article","isPartOf":{"@id":"https:\/\/plan7architekt.com\/i\/bauhaus-kubus-definition-vor-nachteile-merkmale-ai61\/"},"author":{"name":"Plan7Architekt Support","@id":"https:\/\/plan7architekt.com\/i\/#\/schema\/person\/9ab7931240253702d63bf04e4dfe2a64"},"headline":"Bauhaus\/Kubus \u2013 Definition, Vor- &#038; Nachteile, Merkmale","datePublished":"2024-11-20T14:08:48+00:00","mainEntityOfPage":{"@id":"https:\/\/plan7architekt.com\/i\/bauhaus-kubus-definition-vor-nachteile-merkmale-ai61\/"},"wordCount":1482,"publisher":{"@id":"https:\/\/plan7architekt.com\/i\/#organization"},"image":{"@id":"https:\/\/plan7architekt.com\/i\/bauhaus-kubus-definition-vor-nachteile-merkmale-ai61\/#primaryimage"},"thumbnailUrl":"https:\/\/plan7architekt.com\/i\/wp-content\/uploads\/2024\/11\/Minimalistisches-Wohnkonzept-im-Bauhaus-Stil-\u2013-Geplant-mit-Plan7Architekt-Offene-Raumgestaltung-und-klare-Linien.webp","articleSection":["Haustypen im Vergleich"],"inLanguage":"de"},{"@type":"WebPage","@id":"https:\/\/plan7architekt.com\/i\/bauhaus-kubus-definition-vor-nachteile-merkmale-ai61\/","url":"https:\/\/plan7architekt.com\/i\/bauhaus-kubus-definition-vor-nachteile-merkmale-ai61\/","name":"Bauhaus\/Kubus \u2013 Definition, Vor- & Nachteile, Merkmale","isPartOf":{"@id":"https:\/\/plan7architekt.com\/i\/#website"},"primaryImageOfPage":{"@id":"https:\/\/plan7architekt.com\/i\/bauhaus-kubus-definition-vor-nachteile-merkmale-ai61\/#primaryimage"},"image":{"@id":"https:\/\/plan7architekt.com\/i\/bauhaus-kubus-definition-vor-nachteile-merkmale-ai61\/#primaryimage"},"thumbnailUrl":"https:\/\/plan7architekt.com\/i\/wp-content\/uploads\/2024\/11\/Minimalistisches-Wohnkonzept-im-Bauhaus-Stil-\u2013-Geplant-mit-Plan7Architekt-Offene-Raumgestaltung-und-klare-Linien.webp","breadcrumb":{"@id":"https:\/\/plan7architekt.com\/i\/bauhaus-kubus-definition-vor-nachteile-merkmale-ai61\/#breadcrumb"},"inLanguage":"de","potentialAction":[{"@type":"ReadAction","target":["https:\/\/plan7architekt.com\/i\/bauhaus-kubus-definition-vor-nachteile-merkmale-ai61\/"]}]},{"@type":"ImageObject","inLanguage":"de","@id":"https:\/\/plan7architekt.com\/i\/bauhaus-kubus-definition-vor-nachteile-merkmale-ai61\/#primaryimage","url":"https:\/\/plan7architekt.com\/i\/wp-content\/uploads\/2024\/11\/Minimalistisches-Wohnkonzept-im-Bauhaus-Stil-\u2013-Geplant-mit-Plan7Architekt-Offene-Raumgestaltung-und-klare-Linien.webp","contentUrl":"https:\/\/plan7architekt.com\/i\/wp-content\/uploads\/2024\/11\/Minimalistisches-Wohnkonzept-im-Bauhaus-Stil-\u2013-Geplant-mit-Plan7Architekt-Offene-Raumgestaltung-und-klare-Linien.webp","width":2555,"height":1325,"caption":"Minimalistisches Wohnkonzept im Bauhaus-Stil \u2013 Geplant mit Plan7Architekt Offene Raumgestaltung und klare Linien"},{"@type":"BreadcrumbList","@id":"https:\/\/plan7architekt.com\/i\/bauhaus-kubus-definition-vor-nachteile-merkmale-ai61\/#breadcrumb","itemListElement":[{"@type":"ListItem","position":1,"name":"Blog","item":"https:\/\/plan7architekt.com\/i\/"},{"@type":"ListItem","position":2,"name":"Haustypen im Vergleich","item":"https:\/\/plan7architekt.com\/i\/category\/haustypen-im-vergleich\/"},{"@type":"ListItem","position":3,"name":"Bauhaus\/Kubus \u2013 Definition, Vor- &#038; Nachteile, Merkmale"}]},{"@type":"WebSite","@id":"https:\/\/plan7architekt.com\/i\/#website","url":"https:\/\/plan7architekt.com\/i\/","name":"Plan7Architekt","description":"","publisher":{"@id":"https:\/\/plan7architekt.com\/i\/#organization"},"potentialAction":[{"@type":"SearchAction","target":{"@type":"EntryPoint","urlTemplate":"https:\/\/plan7architekt.com\/i\/?s={search_term_string}"},"query-input":{"@type":"PropertyValueSpecification","valueRequired":true,"valueName":"search_term_string"}}],"inLanguage":"de"},{"@type":"Organization","@id":"https:\/\/plan7architekt.com\/i\/#organization","name":"Plan7Architekt","url":"https:\/\/plan7architekt.com\/i\/","logo":{"@type":"ImageObject","inLanguage":"de","@id":"https:\/\/plan7architekt.com\/i\/#\/schema\/logo\/image\/","url":"https:\/\/plan7architekt.com\/i\/wp-content\/uploads\/2018\/06\/Logo_Plan7architekt-2.jpg","contentUrl":"https:\/\/plan7architekt.com\/i\/wp-content\/uploads\/2018\/06\/Logo_Plan7architekt-2.jpg","width":395,"height":45,"caption":"Plan7Architekt"},"image":{"@id":"https:\/\/plan7architekt.com\/i\/#\/schema\/logo\/image\/"},"sameAs":["https:\/\/www.facebook.com\/people\/Plan7Architekt-Architektursoftware\/100063592615389\/","https:\/\/www.youtube.com\/@plan7architekt","https:\/\/www.instagram.com\/plan7architekt_de\/","https:\/\/www.trustedshops.de\/bewertung\/info_XC87D0FA41684537E9E0DC3C77C926E32.html","https:\/\/de.trustpilot.com\/review\/plan7architekt.com"]},{"@type":"Person","@id":"https:\/\/plan7architekt.com\/i\/#\/schema\/person\/9ab7931240253702d63bf04e4dfe2a64","name":"Plan7Architekt Support"}]}},"_links":{"self":[{"href":"https:\/\/plan7architekt.com\/i\/wp-json\/wp\/v2\/posts\/46576","targetHints":{"allow":["GET"]}}],"collection":[{"href":"https:\/\/plan7architekt.com\/i\/wp-json\/wp\/v2\/posts"}],"about":[{"href":"https:\/\/plan7architekt.com\/i\/wp-json\/wp\/v2\/types\/post"}],"author":[{"embeddable":true,"href":"https:\/\/plan7architekt.com\/i\/wp-json\/wp\/v2\/users\/584"}],"replies":[{"embeddable":true,"href":"https:\/\/plan7architekt.com\/i\/wp-json\/wp\/v2\/comments?post=46576"}],"version-history":[{"count":1,"href":"https:\/\/plan7architekt.com\/i\/wp-json\/wp\/v2\/posts\/46576\/revisions"}],"predecessor-version":[{"id":46579,"href":"https:\/\/plan7architekt.com\/i\/wp-json\/wp\/v2\/posts\/46576\/revisions\/46579"}],"wp:featuredmedia":[{"embeddable":true,"href":"https:\/\/plan7architekt.com\/i\/wp-json\/wp\/v2\/media\/46577"}],"wp:attachment":[{"href":"https:\/\/plan7architekt.com\/i\/wp-json\/wp\/v2\/media?parent=46576"}],"wp:term":[{"taxonomy":"category","embeddable":true,"href":"https:\/\/plan7architekt.com\/i\/wp-json\/wp\/v2\/categories?post=46576"},{"taxonomy":"post_tag","embeddable":true,"href":"https:\/\/plan7architekt.com\/i\/wp-json\/wp\/v2\/tags?post=46576"}],"curies":[{"name":"wp","href":"https:\/\/api.w.org\/{rel}","templated":true}]}}