{"id":45941,"date":"2024-10-27T12:34:32","date_gmt":"2024-10-27T11:34:32","guid":{"rendered":"https:\/\/plan7architekt.com\/i\/?p=45941"},"modified":"2024-10-27T12:34:32","modified_gmt":"2024-10-27T11:34:32","slug":"stuhl-im-grundriss-zeichnen-mit-dem-plan7architekt-ai60","status":"publish","type":"post","link":"https:\/\/plan7architekt.com\/i\/stuhl-im-grundriss-zeichnen-mit-dem-plan7architekt-ai60\/","title":{"rendered":"Stuhl im Grundriss zeichnen mit dem Plan7Architekt"},"content":{"rendered":"<section class=\"wpb-content-wrapper\"><p>[vc_row][vc_column width=&#8221;2\/3&#8243;][vc_column_text]Um einen Stuhl im Grundriss mit dem Plan7Architekt zu zeichnen, gehen Sie wie folgt vor: \u00d6ffnen Sie zun\u00e4chst Ihren bereits erstellten Grundriss in der Software. W\u00e4hlen Sie dann das M\u00f6belwerkzeug aus dem Men\u00fc. Suchen Sie in der Kategorie \u201eSt\u00fchle\u201c nach dem passenden Modell und platzieren Sie den Stuhl an der gew\u00fcnschten Stelle im Grundriss. Passen Sie bei Bedarf Gr\u00f6\u00dfe, Ausrichtung und Position an, um den Stuhl perfekt in den Raum einzuf\u00fcgen. Schon ist Ihr Stuhl im Grundriss verzeichnet!<\/p>\n<figure id=\"attachment_45942\" aria-describedby=\"caption-attachment-45942\" style=\"width: 2558px\" class=\"wp-caption alignnone\"><img decoding=\"async\" class=\"size-full wp-image-45942\" src=\"https:\/\/plan7architekt.com\/i\/wp-content\/uploads\/2024\/10\/Bild-zeigt-den-Grundriss-eines-Raumes-in-der-2D-Ansicht-bereit-fuer-die-Moebelplatzierung.webp\" alt=\"Bild zeigt den Grundriss eines Raumes in der 2D-Ansicht, bereit f\u00fcr die M\u00f6belplatzierung\" width=\"2558\" height=\"1328\" srcset=\"https:\/\/plan7architekt.com\/i\/wp-content\/uploads\/2024\/10\/Bild-zeigt-den-Grundriss-eines-Raumes-in-der-2D-Ansicht-bereit-fuer-die-Moebelplatzierung.webp 2558w, https:\/\/plan7architekt.com\/i\/wp-content\/uploads\/2024\/10\/Bild-zeigt-den-Grundriss-eines-Raumes-in-der-2D-Ansicht-bereit-fuer-die-Moebelplatzierung-300x156.webp 300w, https:\/\/plan7architekt.com\/i\/wp-content\/uploads\/2024\/10\/Bild-zeigt-den-Grundriss-eines-Raumes-in-der-2D-Ansicht-bereit-fuer-die-Moebelplatzierung-1024x532.webp 1024w, https:\/\/plan7architekt.com\/i\/wp-content\/uploads\/2024\/10\/Bild-zeigt-den-Grundriss-eines-Raumes-in-der-2D-Ansicht-bereit-fuer-die-Moebelplatzierung-768x399.webp 768w, https:\/\/plan7architekt.com\/i\/wp-content\/uploads\/2024\/10\/Bild-zeigt-den-Grundriss-eines-Raumes-in-der-2D-Ansicht-bereit-fuer-die-Moebelplatzierung-1536x797.webp 1536w, https:\/\/plan7architekt.com\/i\/wp-content\/uploads\/2024\/10\/Bild-zeigt-den-Grundriss-eines-Raumes-in-der-2D-Ansicht-bereit-fuer-die-Moebelplatzierung-2048x1063.webp 2048w\" sizes=\"(max-width: 2558px) 100vw, 2558px\" \/><figcaption id=\"caption-attachment-45942\" class=\"wp-caption-text\">Bild zeigt den Grundriss eines Raumes in der 2D-Ansicht, bereit f\u00fcr die M\u00f6belplatzierung<\/figcaption><\/figure>\n<h2><strong>Schritt-f\u00fcr-Schritt-Anleitung (Details f\u00fcr Interessierte)<\/strong><\/h2>\n<h3><strong>Schritt 1: Grundriss \u00f6ffnen<\/strong><\/h3>\n<p>\u00d6ffnen Sie Ihren erstellten Grundriss in Plan7Architekt, indem Sie auf \u201eDatei\u201c und dann \u201e\u00d6ffnen\u201c klicken. W\u00e4hlen Sie Ihre gespeicherte Grundrissdatei aus. Sobald der Grundriss geladen ist, k\u00f6nnen Sie ihn bearbeiten und M\u00f6bel hinzuf\u00fcgen.<\/p>\n<p>Tipp: Wenn Sie noch keinen fertigen Grundriss haben, k\u00f6nnen Sie einen neuen Grundriss direkt in der Software erstellen. Verwenden Sie die verschiedenen Zeichenwerkzeuge, um W\u00e4nde, T\u00fcren und Fenster zu platzieren, bevor Sie M\u00f6bel hinzuf\u00fcgen.<\/p>\n<h3><strong>Schritt 2: M\u00f6belwerkzeug verwenden<\/strong><\/h3>\n<p>Um den Stuhl hinzuzuf\u00fcgen, klicken Sie im Hauptmen\u00fc auf das M\u00f6belwerkzeug. Hier haben Sie Zugriff auf eine gro\u00dfe Bibliothek an M\u00f6belst\u00fccken, die nach Kategorien sortiert sind. Sie finden St\u00fchle in der Kategorie \u201eM\u00f6bel\u201c unter dem Unterpunkt \u201eSitzm\u00f6bel\u201c.<\/p>\n<ul>\n<li><strong>Kategorien im M\u00f6belwerkzeug:<\/strong>\n<ul>\n<li>St\u00fchle<\/li>\n<li>Tische<\/li>\n<li>Sofas<\/li>\n<li>Schr\u00e4nke<\/li>\n<li>Betten<\/li>\n<\/ul>\n<\/li>\n<\/ul>\n<p>Sie k\u00f6nnen durch die verschiedenen Stuhlmodelle bl\u00e4ttern und den gew\u00fcnschten Stuhl per Drag-and-Drop in den Grundriss ziehen. Dabei haben Sie die M\u00f6glichkeit, die Position des Stuhls in der Draufsicht anzupassen.<\/p>\n<h3><strong>Schritt 3: Stuhl ausw\u00e4hlen und anpassen<\/strong><\/h3>\n<p>Nachdem Sie den Stuhl im Grundriss platziert haben, k\u00f6nnen Sie ihn noch weiter anpassen. Klicken Sie auf den Stuhl, um ihn zu markieren. Nun k\u00f6nnen Sie:<\/p>\n<ul>\n<li>Die <strong>Gr\u00f6\u00dfe des Stuhls<\/strong> ver\u00e4ndern, um ihn proportional zum Raum und anderen M\u00f6beln anzupassen.<\/li>\n<li>Die <strong>Ausrichtung<\/strong> festlegen, indem Sie den Stuhl drehen, sodass er genau in die gew\u00fcnschte Richtung zeigt.<\/li>\n<li>Die <strong>Position<\/strong> des Stuhls durch einfaches Verschieben anpassen, um ihn pr\u00e4zise im Raum zu platzieren.<\/li>\n<\/ul>\n<p>Dar\u00fcber hinaus bietet Plan7Architekt die M\u00f6glichkeit, den Raum sowohl in <strong>2D als auch in 3D<\/strong> zu betrachten. So k\u00f6nnen Sie nicht nur sehen, wie der Stuhl in der Draufsicht wirkt, sondern auch eine realistische 3D-Ansicht des Raums bekommen. Dies hilft besonders, wenn Sie M\u00f6bel im Kontext des gesamten Raums visualisieren m\u00f6chten.<\/p>\n<h2><strong>Zus\u00e4tzliche relevante Informationen<\/strong><\/h2>\n<h3><strong>Optimale Positionierung von M\u00f6beln im Grundriss<\/strong><\/h3>\n<p>Die richtige Platzierung von M\u00f6beln, insbesondere St\u00fchlen, ist entscheidend f\u00fcr die Funktionalit\u00e4t und das Raumgef\u00fchl. Hier einige Tipps:<\/p>\n<ul>\n<li><strong>Bewegungsfreiheit<\/strong>: Achten Sie darauf, gen\u00fcgend Platz um den Stuhl herum freizulassen, damit man bequem aufstehen und sich im Raum bewegen kann.<\/li>\n<li><strong>Abst\u00e4nde<\/strong>: Ein idealer Abstand zwischen einem Esstisch und den St\u00fchlen liegt beispielsweise bei 60-90 cm.<\/li>\n<li><strong>Visuelle Harmonie<\/strong>: Platzieren Sie M\u00f6bel symmetrisch oder in einer ansprechenden Anordnung, um eine ausgewogene Raumnutzung zu erreichen.<\/li>\n<\/ul>\n<figure id=\"attachment_45943\" aria-describedby=\"caption-attachment-45943\" style=\"width: 1917px\" class=\"wp-caption alignnone\"><img decoding=\"async\" class=\"size-full wp-image-45943\" src=\"https:\/\/plan7architekt.com\/i\/wp-content\/uploads\/2024\/10\/Stuhl-in-der-3D-Ansicht-des-Grundrisses.webp\" alt=\"Stuhl in der 3D-Ansicht des Grundrisses\" width=\"1917\" height=\"1001\" srcset=\"https:\/\/plan7architekt.com\/i\/wp-content\/uploads\/2024\/10\/Stuhl-in-der-3D-Ansicht-des-Grundrisses.webp 1917w, https:\/\/plan7architekt.com\/i\/wp-content\/uploads\/2024\/10\/Stuhl-in-der-3D-Ansicht-des-Grundrisses-300x157.webp 300w, https:\/\/plan7architekt.com\/i\/wp-content\/uploads\/2024\/10\/Stuhl-in-der-3D-Ansicht-des-Grundrisses-1024x535.webp 1024w, https:\/\/plan7architekt.com\/i\/wp-content\/uploads\/2024\/10\/Stuhl-in-der-3D-Ansicht-des-Grundrisses-768x401.webp 768w, https:\/\/plan7architekt.com\/i\/wp-content\/uploads\/2024\/10\/Stuhl-in-der-3D-Ansicht-des-Grundrisses-1536x802.webp 1536w\" sizes=\"(max-width: 1917px) 100vw, 1917px\" \/><figcaption id=\"caption-attachment-45943\" class=\"wp-caption-text\">Stuhl in der 3D-Ansicht des Grundrisses<\/figcaption><\/figure>\n<h3><strong>Stuhlarten und Varianten in Plan7Architekt<\/strong><\/h3>\n<p>Plan7Architekt bietet eine breite Auswahl an Stuhlmodellen, die f\u00fcr verschiedene Zwecke genutzt werden k\u00f6nnen. Hier eine \u00dcbersicht der verf\u00fcgbaren Stuhlarten:<\/p>\n<table>\n<thead>\n<tr>\n<th><strong>Stuhltyp<\/strong><\/th>\n<th><strong>Verwendung<\/strong><\/th>\n<th><strong>Besondere Eigenschaften<\/strong><\/th>\n<\/tr>\n<\/thead>\n<tbody>\n<tr>\n<td>Esszimmerst\u00fchle<\/td>\n<td>F\u00fcr den Esstisch<\/td>\n<td>Schlichtes Design, oft stapelbar<\/td>\n<\/tr>\n<tr>\n<td>B\u00fcrost\u00fchle<\/td>\n<td>F\u00fcr Arbeitsr\u00e4ume<\/td>\n<td>Ergonomisch, mit Rollen und H\u00f6henverstellung<\/td>\n<\/tr>\n<tr>\n<td>Loungest\u00fchle<\/td>\n<td>F\u00fcr Wohnzimmer oder Loungebereiche<\/td>\n<td>Komfortabel, oft mit Armlehnen<\/td>\n<\/tr>\n<tr>\n<td>Barhocker<\/td>\n<td>F\u00fcr K\u00fccheninseln oder Theken<\/td>\n<td>Hohe Sitzh\u00f6he, ohne R\u00fcckenlehne oder mit niedriger Lehne<\/td>\n<\/tr>\n<\/tbody>\n<\/table>\n<p>Diese St\u00fchle lassen sich im Grundriss individuell platzieren und je nach Raumfunktion anpassen.<\/p>\n<h2><strong>Vorteile der Nutzung von Plan7Architekt<\/strong><\/h2>\n<h3><strong>Vorteile bei der Planung von M\u00f6beln mit Plan7Architekt<\/strong><\/h3>\n<p>Plan7Architekt bietet einige besondere Vorteile, wenn es um das Einf\u00fcgen von M\u00f6beln wie St\u00fchlen in den Grundriss geht:<\/p>\n<ul>\n<li><strong>Detaillierte M\u00f6belbibliothek<\/strong>: Sie haben Zugriff auf eine gro\u00dfe Auswahl an M\u00f6belst\u00fccken, die sich leicht im Grundriss platzieren lassen.<\/li>\n<li><strong>Anpassungsm\u00f6glichkeiten<\/strong>: Alle M\u00f6belst\u00fccke, einschlie\u00dflich St\u00fchlen, k\u00f6nnen in Gr\u00f6\u00dfe, Form und Position angepasst werden, sodass sie perfekt zu Ihrem Raum passen.<\/li>\n<li><strong>2D- und 3D-Ansicht<\/strong>: Sie k\u00f6nnen zwischen der klassischen 2D-Darstellung und einer realistischen 3D-Ansicht wechseln, um die M\u00f6bel im Kontext des gesamten Raumes zu sehen.<\/li>\n<\/ul>\n<h2><strong>H\u00e4ufige Fragen<\/strong><\/h2>\n<h3><strong>Kann ich eigene Stuhlmodelle importieren?<\/strong><\/h3>\n<p>Ja, Plan7Architekt bietet die M\u00f6glichkeit, eigene 3D-Modelle in Formaten wie .obj oder .3ds zu importieren. Dies erm\u00f6glicht Ihnen, St\u00fchle oder andere M\u00f6belst\u00fccke, die nicht in der Software enthalten sind, in den Grundriss zu integrieren. Sie k\u00f6nnen diese Modelle dann genauso bearbeiten wie die bereits integrierten M\u00f6bel.<\/p>\n<h3><strong>Gibt es Vorlagen oder Bibliotheken f\u00fcr andere M\u00f6bel?<\/strong><\/h3>\n<p>Neben St\u00fchlen bietet Plan7Architekt eine umfangreiche Bibliothek an anderen M\u00f6belst\u00fccken. Die Kategorien decken alles von Sofas, Betten bis hin zu Schr\u00e4nken und Tischen ab. Diese Bibliothek wird regelm\u00e4\u00dfig aktualisiert, sodass Sie immer Zugang zu modernen und g\u00e4ngigen M\u00f6belstilen haben.[\/vc_column_text]<div class=\"gem-youtube gem-wrapbox gem-wrapbox-style-no-style rounded-corners gem-wrapbox-position-below\" style=\"width: 100%;\"><div class=\"gem-wrapbox-inner gem-ratio-style\" style=\"padding-top: 56.25%\"><iframe class=\"gem-wrapbox-element img-responsive\" width=\"100%\" height=\"300\" allowfullscreen=\"allowfullscreen\" frameborder=\"0\" scrolling=\"no\" marginheight=\"0\" marginwidth=\"0\" src=\"\/\/www.youtube.com\/embed\/pNn55Zf_Qxs?rel=0&amp;wmode=opaque\"><\/iframe><\/div><\/div>[\/vc_column][vc_column width=&#8221;1\/3&#8243; css=&#8221;.vc_custom_1705131079263{background-color: #23262d !important;border-radius: 35px !important;}&#8221;][vc_column_text]<\/p>\n<h3><span style=\"color: #ffffff;\">Planen Sie Ihr Projekt mit dem Plan7Architekt<\/span><\/h3>\n<p><span style=\"color: #ffffff;\"><a style=\"color: #ffffff;\" href=\"https:\/\/plan7architekt.com\/produkt\/kaufen\/\"><img decoding=\"async\" class=\"aligncenter size-full wp-image-36954\" src=\"https:\/\/plan7architekt.com\/i\/wp-content\/uploads\/2018\/06\/Plan7Architekt-Pro-1.png\" alt=\"\" width=\"484\" height=\"569\" srcset=\"https:\/\/plan7architekt.com\/i\/wp-content\/uploads\/2018\/06\/Plan7Architekt-Pro-1.png 484w, https:\/\/plan7architekt.com\/i\/wp-content\/uploads\/2018\/06\/Plan7Architekt-Pro-1-255x300.png 255w\" sizes=\"(max-width: 484px) 100vw, 484px\" \/><\/a><\/span><\/p>\n<p><span style=\"color: #ffffff;\"><a style=\"color: #ffffff;\" href=\"https:\/\/plan7architekt.com\/produkt\/kaufen\/\">Der Plan7Architekt Pro 5 f\u00fcr 149,99 Euro<\/a><\/span><\/p>\n<p><span style=\"color: #ffffff;\">Sie m\u00fcssen <strong>keine Vorkenntnisse<\/strong> haben, denn die Software wurde speziell f\u00fcr Laien entwickelt. Die <strong>Vorgehensweise<\/strong> der Planung in <strong>5 einfachen Schritten<\/strong>:<\/span><\/p>\n<h3><span style=\"color: #ffffff;\">1. W\u00e4nde zeichnen<\/span><\/h3>\n<figure id=\"attachment_45252\" aria-describedby=\"caption-attachment-45252\" style=\"width: 2555px\" class=\"wp-caption alignnone\"><img decoding=\"async\" class=\"wp-image-45252 size-full\" src=\"https:\/\/plan7architekt.com\/i\/wp-content\/uploads\/2024\/10\/Grundrissplanung-in-2D-Raeume-und-Waende-fuer-Ihr-Hausdesign-praezise-zeichnen-und-anpassen.webp\" alt=\"Grundrissplanung in 2D R\u00e4ume und W\u00e4nde f\u00fcr Ihr Hausdesign pr\u00e4zise zeichnen und anpassen\" width=\"2555\" height=\"1327\" srcset=\"https:\/\/plan7architekt.com\/i\/wp-content\/uploads\/2024\/10\/Grundrissplanung-in-2D-Raeume-und-Waende-fuer-Ihr-Hausdesign-praezise-zeichnen-und-anpassen.webp 2555w, https:\/\/plan7architekt.com\/i\/wp-content\/uploads\/2024\/10\/Grundrissplanung-in-2D-Raeume-und-Waende-fuer-Ihr-Hausdesign-praezise-zeichnen-und-anpassen-300x156.webp 300w, https:\/\/plan7architekt.com\/i\/wp-content\/uploads\/2024\/10\/Grundrissplanung-in-2D-Raeume-und-Waende-fuer-Ihr-Hausdesign-praezise-zeichnen-und-anpassen-1024x532.webp 1024w, https:\/\/plan7architekt.com\/i\/wp-content\/uploads\/2024\/10\/Grundrissplanung-in-2D-Raeume-und-Waende-fuer-Ihr-Hausdesign-praezise-zeichnen-und-anpassen-768x399.webp 768w, https:\/\/plan7architekt.com\/i\/wp-content\/uploads\/2024\/10\/Grundrissplanung-in-2D-Raeume-und-Waende-fuer-Ihr-Hausdesign-praezise-zeichnen-und-anpassen-1536x798.webp 1536w, https:\/\/plan7architekt.com\/i\/wp-content\/uploads\/2024\/10\/Grundrissplanung-in-2D-Raeume-und-Waende-fuer-Ihr-Hausdesign-praezise-zeichnen-und-anpassen-2048x1064.webp 2048w\" sizes=\"(max-width: 2555px) 100vw, 2555px\" \/><figcaption id=\"caption-attachment-45252\" class=\"wp-caption-text\"><span style=\"color: #ffffff;\">Grundrissplanung in 2D R\u00e4ume und W\u00e4nde f\u00fcr Ihr Hausdesign pr\u00e4zise zeichnen und anpassen<\/span><\/figcaption><\/figure>\n<h3><span style=\"color: #ffffff;\">2. Fenster &amp; T\u00fcren<\/span><\/h3>\n<figure id=\"attachment_45253\" aria-describedby=\"caption-attachment-45253\" style=\"width: 2556px\" class=\"wp-caption alignnone\"><img decoding=\"async\" class=\"wp-image-45253 size-full\" src=\"https:\/\/plan7architekt.com\/i\/wp-content\/uploads\/2024\/10\/Tuer-und-Fensterplanung-Optimieren-Sie-die-Raumaufteilung-mit-passgenauen-Tuer-und-Fensterelementen.webp\" alt=\"T\u00fcr- und Fensterplanung Optimieren Sie die Raumaufteilung mit passgenauen T\u00fcr- und Fensterelementen\" width=\"2556\" height=\"1330\" srcset=\"https:\/\/plan7architekt.com\/i\/wp-content\/uploads\/2024\/10\/Tuer-und-Fensterplanung-Optimieren-Sie-die-Raumaufteilung-mit-passgenauen-Tuer-und-Fensterelementen.webp 2556w, https:\/\/plan7architekt.com\/i\/wp-content\/uploads\/2024\/10\/Tuer-und-Fensterplanung-Optimieren-Sie-die-Raumaufteilung-mit-passgenauen-Tuer-und-Fensterelementen-300x156.webp 300w, https:\/\/plan7architekt.com\/i\/wp-content\/uploads\/2024\/10\/Tuer-und-Fensterplanung-Optimieren-Sie-die-Raumaufteilung-mit-passgenauen-Tuer-und-Fensterelementen-1024x533.webp 1024w, https:\/\/plan7architekt.com\/i\/wp-content\/uploads\/2024\/10\/Tuer-und-Fensterplanung-Optimieren-Sie-die-Raumaufteilung-mit-passgenauen-Tuer-und-Fensterelementen-768x400.webp 768w, https:\/\/plan7architekt.com\/i\/wp-content\/uploads\/2024\/10\/Tuer-und-Fensterplanung-Optimieren-Sie-die-Raumaufteilung-mit-passgenauen-Tuer-und-Fensterelementen-1536x799.webp 1536w, https:\/\/plan7architekt.com\/i\/wp-content\/uploads\/2024\/10\/Tuer-und-Fensterplanung-Optimieren-Sie-die-Raumaufteilung-mit-passgenauen-Tuer-und-Fensterelementen-2048x1066.webp 2048w\" sizes=\"(max-width: 2556px) 100vw, 2556px\" \/><figcaption id=\"caption-attachment-45253\" class=\"wp-caption-text\"><span style=\"color: #ffffff;\">T\u00fcr- und Fensterplanung Optimieren Sie die Raumaufteilung mit passgenauen T\u00fcr- und Fensterelementen<\/span><\/figcaption><\/figure>\n<h3><span style=\"color: #ffffff;\">3. Stockwerke &amp; Dach<\/span><\/h3>\n<figure id=\"attachment_45254\" aria-describedby=\"caption-attachment-45254\" style=\"width: 2553px\" class=\"wp-caption alignnone\"><img decoding=\"async\" class=\"wp-image-45254 size-full\" src=\"https:\/\/plan7architekt.com\/i\/wp-content\/uploads\/2024\/10\/Dach-und-Stockwerkplanung-Visualisieren-Sie-verschiedene-Stockwerke-und-Dachformen-in-Ihrer-Hausplanung.webp\" alt=\"Dach- und Stockwerkplanung Visualisieren Sie verschiedene Stockwerke und Dachformen in Ihrer Hausplanung\" width=\"2553\" height=\"1330\" srcset=\"https:\/\/plan7architekt.com\/i\/wp-content\/uploads\/2024\/10\/Dach-und-Stockwerkplanung-Visualisieren-Sie-verschiedene-Stockwerke-und-Dachformen-in-Ihrer-Hausplanung.webp 2553w, https:\/\/plan7architekt.com\/i\/wp-content\/uploads\/2024\/10\/Dach-und-Stockwerkplanung-Visualisieren-Sie-verschiedene-Stockwerke-und-Dachformen-in-Ihrer-Hausplanung-300x156.webp 300w, https:\/\/plan7architekt.com\/i\/wp-content\/uploads\/2024\/10\/Dach-und-Stockwerkplanung-Visualisieren-Sie-verschiedene-Stockwerke-und-Dachformen-in-Ihrer-Hausplanung-1024x533.webp 1024w, https:\/\/plan7architekt.com\/i\/wp-content\/uploads\/2024\/10\/Dach-und-Stockwerkplanung-Visualisieren-Sie-verschiedene-Stockwerke-und-Dachformen-in-Ihrer-Hausplanung-768x400.webp 768w, https:\/\/plan7architekt.com\/i\/wp-content\/uploads\/2024\/10\/Dach-und-Stockwerkplanung-Visualisieren-Sie-verschiedene-Stockwerke-und-Dachformen-in-Ihrer-Hausplanung-1536x800.webp 1536w, https:\/\/plan7architekt.com\/i\/wp-content\/uploads\/2024\/10\/Dach-und-Stockwerkplanung-Visualisieren-Sie-verschiedene-Stockwerke-und-Dachformen-in-Ihrer-Hausplanung-2048x1067.webp 2048w\" sizes=\"(max-width: 2553px) 100vw, 2553px\" \/><figcaption id=\"caption-attachment-45254\" class=\"wp-caption-text\"><span style=\"color: #ffffff;\">Dach- und Stockwerkplanung Visualisieren Sie verschiedene Stockwerke und Dachformen in Ihrer Hausplanung<\/span><\/figcaption><\/figure>\n<h3><span style=\"color: #ffffff;\">4. Texturen &amp; 3D Objekte<\/span><\/h3>\n<figure id=\"attachment_45255\" aria-describedby=\"caption-attachment-45255\" style=\"width: 2556px\" class=\"wp-caption alignnone\"><img decoding=\"async\" class=\"wp-image-45255 size-full\" src=\"https:\/\/plan7architekt.com\/i\/wp-content\/uploads\/2024\/10\/Material-und-Texturauswahl-Gestalten-Sie-Boeden-Waende-und-3D-Objekte-individuell-um-Ihre-Planung-realistisch-darzustellen.webp\" alt=\"Material- und Texturauswahl Gestalten Sie B\u00f6den, W\u00e4nde und 3D-Objekte individuell, um Ihre Planung realistisch darzustellen\" width=\"2556\" height=\"1333\" srcset=\"https:\/\/plan7architekt.com\/i\/wp-content\/uploads\/2024\/10\/Material-und-Texturauswahl-Gestalten-Sie-Boeden-Waende-und-3D-Objekte-individuell-um-Ihre-Planung-realistisch-darzustellen.webp 2556w, https:\/\/plan7architekt.com\/i\/wp-content\/uploads\/2024\/10\/Material-und-Texturauswahl-Gestalten-Sie-Boeden-Waende-und-3D-Objekte-individuell-um-Ihre-Planung-realistisch-darzustellen-300x156.webp 300w, https:\/\/plan7architekt.com\/i\/wp-content\/uploads\/2024\/10\/Material-und-Texturauswahl-Gestalten-Sie-Boeden-Waende-und-3D-Objekte-individuell-um-Ihre-Planung-realistisch-darzustellen-1024x534.webp 1024w, https:\/\/plan7architekt.com\/i\/wp-content\/uploads\/2024\/10\/Material-und-Texturauswahl-Gestalten-Sie-Boeden-Waende-und-3D-Objekte-individuell-um-Ihre-Planung-realistisch-darzustellen-768x401.webp 768w, https:\/\/plan7architekt.com\/i\/wp-content\/uploads\/2024\/10\/Material-und-Texturauswahl-Gestalten-Sie-Boeden-Waende-und-3D-Objekte-individuell-um-Ihre-Planung-realistisch-darzustellen-1536x801.webp 1536w, https:\/\/plan7architekt.com\/i\/wp-content\/uploads\/2024\/10\/Material-und-Texturauswahl-Gestalten-Sie-Boeden-Waende-und-3D-Objekte-individuell-um-Ihre-Planung-realistisch-darzustellen-2048x1068.webp 2048w\" sizes=\"(max-width: 2556px) 100vw, 2556px\" \/><figcaption id=\"caption-attachment-45255\" class=\"wp-caption-text\"><span style=\"color: #ffffff;\">Material- und Texturauswahl Gestalten Sie B\u00f6den, W\u00e4nde und 3D-Objekte individuell, um Ihre Planung realistisch darzustellen<\/span><\/figcaption><\/figure>\n<h3><span style=\"color: #ffffff;\">5. Plan f\u00fcr den Bauantrag<\/span><\/h3>\n<figure id=\"attachment_45256\" aria-describedby=\"caption-attachment-45256\" style=\"width: 2556px\" class=\"wp-caption alignnone\"><img decoding=\"async\" class=\"wp-image-45256 size-full\" src=\"https:\/\/plan7architekt.com\/i\/wp-content\/uploads\/2024\/10\/Erstellen-Sie-professionelle-Bauzeichnungen-mit-Seitenansichten-Schnitten-und-Planzusammenstellungen.webp\" alt=\"Erstellen Sie professionelle Bauzeichnungen mit Seitenansichten, Schnitten und Planzusammenstellungen\" width=\"2556\" height=\"1329\" srcset=\"https:\/\/plan7architekt.com\/i\/wp-content\/uploads\/2024\/10\/Erstellen-Sie-professionelle-Bauzeichnungen-mit-Seitenansichten-Schnitten-und-Planzusammenstellungen.webp 2556w, https:\/\/plan7architekt.com\/i\/wp-content\/uploads\/2024\/10\/Erstellen-Sie-professionelle-Bauzeichnungen-mit-Seitenansichten-Schnitten-und-Planzusammenstellungen-300x156.webp 300w, https:\/\/plan7architekt.com\/i\/wp-content\/uploads\/2024\/10\/Erstellen-Sie-professionelle-Bauzeichnungen-mit-Seitenansichten-Schnitten-und-Planzusammenstellungen-1024x532.webp 1024w, https:\/\/plan7architekt.com\/i\/wp-content\/uploads\/2024\/10\/Erstellen-Sie-professionelle-Bauzeichnungen-mit-Seitenansichten-Schnitten-und-Planzusammenstellungen-768x399.webp 768w, https:\/\/plan7architekt.com\/i\/wp-content\/uploads\/2024\/10\/Erstellen-Sie-professionelle-Bauzeichnungen-mit-Seitenansichten-Schnitten-und-Planzusammenstellungen-1536x799.webp 1536w, https:\/\/plan7architekt.com\/i\/wp-content\/uploads\/2024\/10\/Erstellen-Sie-professionelle-Bauzeichnungen-mit-Seitenansichten-Schnitten-und-Planzusammenstellungen-2048x1065.webp 2048w\" sizes=\"(max-width: 2556px) 100vw, 2556px\" \/><figcaption id=\"caption-attachment-45256\" class=\"wp-caption-text\"><span style=\"color: #ffffff;\">Erstellen Sie professionelle Bauzeichnungen mit Seitenansichten, Schnitten und Planzusammenstellungen<\/span><\/figcaption><\/figure>\n<ul>\n<li><span style=\"color: #ffffff;\">&#8211; Deutsche &amp; europ\u00e4ische Baustandards<\/span><\/li>\n<li><span style=\"color: #ffffff;\">&#8211; Auf 3 PCs gleichzeitig nutzbar<\/span><\/li>\n<li><span style=\"color: #ffffff;\">&#8211; Austausch mit dem Architekten m\u00f6glich<\/span><\/li>\n<li><span style=\"color: #ffffff;\">&#8211; Umfangreiches Benutzerhandbuch<\/span><\/li>\n<li><span style=\"color: #ffffff;\">&#8211; Regelm\u00e4\u00dfige Updates<\/span><\/li>\n<li><span style=\"color: #ffffff;\">&#8211; Video-Tutorials<\/span><\/li>\n<li><span style=\"color: #ffffff;\">&#8211; Millionen 3D Objekte<\/span><\/li>\n<\/ul>\n<p>[\/vc_column_text][vc_btn title=&#8221;zum Versionsvergleich&#8221; color=&#8221;primary&#8221; size=&#8221;lg&#8221; align=&#8221;center&#8221; button_block=&#8221;true&#8221; link=&#8221;url:https%3A%2F%2Fplan7architekt.com%2Fversionsvergleich%2F&#8221;][vc_empty_space][vc_btn title=&#8221;zum Produkt&#8221; color=&#8221;sky&#8221; size=&#8221;lg&#8221; align=&#8221;center&#8221; button_block=&#8221;true&#8221; link=&#8221;url:https%3A%2F%2Fplan7architekt.com%2Fprodukt%2Fkaufen%2F&#8221;][vc_empty_space][\/vc_column][\/vc_row][vc_row][vc_column][vc_column_text]<\/p>\n<h2>Die 3 Plan7Architekten<\/h2>\n<p><style type=\"text\/css\">@import url(\/\/fonts.googleapis.com\/css?family=Raleway:400);@import url(https:\/\/plan7architekt.com\/i\/wp-content\/plugins\/go_pricing\/assets\/lib\/font_awesome\/css\/font-awesome.min.css); #go-pricing-table-38664 .gw-go { margin-left:-50px; } #go-pricing-table-38664 .gw-go-col { margin-left:50px; } #go-pricing-table-38664 .gw-go-col-wrap { min-width:130px; } #go-pricing-table-38664 .gw-go-col-inner { border-radius:0 0 0 0; } #go-pricing-table-38664 .gw-go-tooltip-content { background-color:#333333;color:#ffffff; } #go-pricing-table-38664 .gw-go-tooltip:before { border-top-color:#333333; } #go-pricing-table-38664 .gw-go-col-wrap-0.gw-go-hover .gw-go-header-top { background-color:#2089c8; } #go-pricing-table-38664 .gw-go-col-wrap-0 .gw-go-price-wrap span, #go-pricing-table-38664 .gw-go-col-wrap-0 .gw-go-coinf div, #go-pricing-table-38664 .gw-go-col-wrap-0 .gw-go-coinb div { color:#2089c8; } #go-pricing-table-38664 .gw-go-col-wrap-0 .gw-go-body li[data-row-index=\"0\"] { font-size:28px !important; line-height:70px !important; } #go-pricing-table-38664 .gw-go-col-wrap-0 .gw-go-body li[data-row-index=\"1\"] { font-size:18px !important; line-height:24px !important; font-family:Raleway, sans-serif !important; } #go-pricing-table-38664 .gw-go-col-wrap-0 .gw-go-body li[data-row-index=\"2\"] { font-size:18px !important; line-height:24px !important; font-family:Raleway, sans-serif !important; } #go-pricing-table-38664 .gw-go-col-wrap-0 .gw-go-body li[data-row-index=\"3\"] { font-size:14px !important; line-height:16px !important; } #go-pricing-table-38664 .gw-go-col-wrap-0 .gw-go-footer-row[data-row-index=\"0\"]  { font-size:12px !important; line-height:16px !important; } #go-pricing-table-38664 .gw-go-col-wrap-0 .gw-go-footer-row[data-row-index=\"1\"]  .gw-go-btn { font-size:14px !important; } #go-pricing-table-38664 .gw-go-col-wrap-0 .gw-go-footer-row[data-row-index=\"1\"] .gw-go-btn { background-color:#00bcd4 !important; } #go-pricing-table-38664 .gw-go-col-wrap-1.gw-go-hover .gw-go-header-top { background-color:#2089c8; } #go-pricing-table-38664 .gw-go-col-wrap-1 .gw-go-price-wrap span, #go-pricing-table-38664 .gw-go-col-wrap-1 .gw-go-coinf div, #go-pricing-table-38664 .gw-go-col-wrap-1 .gw-go-coinb div { color:#2089c8; } #go-pricing-table-38664 .gw-go-col-wrap-1 .gw-go-body li[data-row-index=\"0\"] { font-size:28px !important; line-height:70px !important; } #go-pricing-table-38664 .gw-go-col-wrap-1 .gw-go-body li[data-row-index=\"1\"] { font-size:18px !important; line-height:24px !important; font-family:Raleway, sans-serif !important; } #go-pricing-table-38664 .gw-go-col-wrap-1 .gw-go-body li[data-row-index=\"2\"] { font-size:18px !important; line-height:24px !important; font-family:Raleway, sans-serif !important; } #go-pricing-table-38664 .gw-go-col-wrap-1 .gw-go-body li[data-row-index=\"3\"] { font-size:14px !important; line-height:16px !important; } #go-pricing-table-38664 .gw-go-col-wrap-1 .gw-go-footer-row[data-row-index=\"0\"]  { font-size:13px !important; line-height:16px !important; } #go-pricing-table-38664 .gw-go-col-wrap-1 .gw-go-footer-row[data-row-index=\"1\"]  .gw-go-btn { font-size:14px !important; } #go-pricing-table-38664 .gw-go-col-wrap-1 .gw-go-footer-row[data-row-index=\"1\"] .gw-go-btn { background-color:#00bcd4 !important; } #go-pricing-table-38664 .gw-go-col-wrap-2.gw-go-hover .gw-go-header-top { background-color:#2089c8; } #go-pricing-table-38664 .gw-go-col-wrap-2 .gw-go-price-wrap span, #go-pricing-table-38664 .gw-go-col-wrap-2 .gw-go-coinf div, #go-pricing-table-38664 .gw-go-col-wrap-2 .gw-go-coinb div { color:#2089c8; } #go-pricing-table-38664 .gw-go-col-wrap-2 .gw-go-body li[data-row-index=\"0\"] { font-size:28px !important; line-height:70px !important; } #go-pricing-table-38664 .gw-go-col-wrap-2 .gw-go-body li[data-row-index=\"1\"] { font-size:18px !important; line-height:24px !important; font-family:Raleway, sans-serif !important; } #go-pricing-table-38664 .gw-go-col-wrap-2 .gw-go-body li[data-row-index=\"2\"] { font-size:18px !important; line-height:24px !important; font-family:Raleway, sans-serif !important; } #go-pricing-table-38664 .gw-go-col-wrap-2 .gw-go-body li[data-row-index=\"3\"] { font-size:14px !important; line-height:16px !important; } #go-pricing-table-38664 .gw-go-col-wrap-2 .gw-go-footer-row[data-row-index=\"0\"]  { font-size:12px !important; line-height:16px !important; } #go-pricing-table-38664 .gw-go-col-wrap-2 .gw-go-footer-row[data-row-index=\"1\"]  .gw-go-btn { font-size:14px !important; } #go-pricing-table-38664 .gw-go-col-wrap-2 .gw-go-footer-row[data-row-index=\"1\"] .gw-go-btn { background-color:#00bcd4 !important; } #go-pricing-table-38664 .gw-go { visibility:inherit; }<\/style><style>@media only screen and (min-width: 480px) and (max-width: 767px) { #go-pricing-table-38664 .gw-go-col-wrap { width:50%; } }<\/style><style>@media only screen and (min-width: 480px) and (max-width: 767px) { .gw-go-tooltip { left:50% !important; right:auto !important; transform: translateX(-50%) !important; margin-left:0!important; } .gw-go-tooltip-content:before { right:auto !important; left:50% !important; margin-left:-6px !important; } }<\/style><style>@media only screen and (max-width: 479px) { #go-pricing-table-38664 .gw-go-col-wrap { width:100%; } }<\/style><style>@media only screen and (max-width: 479px) { .gw-go-tooltip { left:50% !important; right:auto !important; transform: translateX(-50%) !important; margin-left:0!important; } .gw-go-tooltip-content:before { right:auto !important; left:50% !important; margin-left:-6px !important; } }<\/style><div id=\"go-pricing-table-38664\" class=\"go-pricing\" style=\"margin-bottom:20px;\"><div class=\"gw-go gw-go-clearfix gw-go-enlarge-current gw-go-3cols\" data-id=\"38664\" data-colnum=\"3\" data-equalize=\"{&quot;body&quot;:&quot;1&quot;,&quot;footer&quot;:&quot;1&quot;}\" data-views=\"{&quot;tp&quot;:{&quot;min&quot;:&quot;768&quot;,&quot;max&quot;:&quot;959&quot;,&quot;cols&quot;:&quot;&quot;},&quot;ml&quot;:{&quot;min&quot;:&quot;480&quot;,&quot;max&quot;:&quot;767&quot;,&quot;cols&quot;:&quot;2&quot;},&quot;mp&quot;:{&quot;min&quot;:&quot;&quot;,&quot;max&quot;:&quot;479&quot;,&quot;cols&quot;:&quot;1&quot;}}\"><div class=\"gw-go-col-wrap gw-go-col-wrap-0 gw-go-hover gw-go-disable-enlarge gw-go-disable-hover\" data-current=\"1\" data-col-index=\"0\"><div class=\"gw-go-col gw-go-clean-style1\"><div class=\"gw-go-col-inner\"><div class=\"gw-go-col-inner-layer\"><\/div><div class=\"gw-go-col-inner-layer-over\"><\/div><div class=\"gw-go-header gw-go-header-standard\"><a href=\"https:\/\/plan7architekt.com\/produkt\/basic\/?v=5f02f0889301\"><img decoding=\"async\" class=\"aligncenter wp-image-47113 size-full\" src=\"https:\/\/plan7architekt.com\/i\/wp-content\/uploads\/2025\/07\/Plan7Architekt-Basic-6.png\" alt=\"\" width=\"765\" height=\"900\" srcset=\"https:\/\/plan7architekt.com\/i\/wp-content\/uploads\/2025\/07\/Plan7Architekt-Basic-6.png 765w, https:\/\/plan7architekt.com\/i\/wp-content\/uploads\/2025\/07\/Plan7Architekt-Basic-6-255x300.png 255w, https:\/\/plan7architekt.com\/i\/wp-content\/uploads\/2025\/07\/Plan7Architekt-Basic-6-500x588.png 500w, https:\/\/plan7architekt.com\/i\/wp-content\/uploads\/2025\/07\/Plan7Architekt-Basic-6-700x824.png 700w\" sizes=\"(max-width: 765px) 100vw, 765px\" \/><\/a><\/div><ul class=\"gw-go-body\"><li data-row-index=\"0\"><div class=\"gw-go-body-cell\"><span style=\"color:#2089c8;\">79.99\u20ac<\/span><\/div><\/li><li class=\"gw-go-even\" data-row-index=\"1\"><div class=\"gw-go-body-cell\">(Letztes Update: Februar 2025)<\/div><\/li><li data-row-index=\"2\"><div class=\"gw-go-body-cell\"><span style=\"color:#000000;\"><br>Geeignet f\u00fcr kleine Hobby-Projekte<br><\/span>\r\n<span style=\"color:#000000;\"><br>keine Gartenplanung und nur eine eingeschr\u00e4nkte Grundrisserstellung mit wenigen Wandarten<br><\/span><\/div><\/li><li class=\"gw-go-even\" data-row-index=\"3\"><div class=\"gw-go-body-cell\"><\/br>17 Bewertungen<\/br><i style=\"color:#ffae00; font-size:12px;\" class=\"fa fa-star\"><\/i> <i style=\"color:#ffae00; font-size:12px;\" class=\"fa fa-star\"><\/i> <i style=\"color:#ffae00; font-size:12px;\" class=\"fa fa-star\"><\/i> <i style=\"color:#ffae00; font-size:12px;\" class=\"fa fa-star\"><\/i> <i style=\"color:#838383; font-size:12px;\" class=\"fa fa-star-o\"><\/i><\/br><\/br><\/div><\/li><\/ul><div class=\"gw-go-footer-wrap\"><div class=\"gw-go-footer-spacer\"><\/div><div class=\"gw-go-footer\"><div class=\"gw-go-footer-rows\"><div class=\"gw-go-footer-row\" data-row-index=\"0\"><div class=\"gw-go-footer-row-inner\">&nbsp;<\/div><\/div><div class=\"gw-go-footer-row gw-go-even\" data-row-index=\"1\"><div class=\"gw-go-footer-row-inner\"><a href=\"https:\/\/plan7architekt.com\/produkt\/basic\/\" class=\"gw-go-btn gw-go-btn-large\"><span class=\"gw-go-btn-inner\">zum Produkt<\/span><\/a><\/div><\/div><\/div><\/div><\/div><\/div><\/div><\/div><div class=\"gw-go-col-wrap gw-go-col-wrap-1 gw-go-hover gw-go-disable-enlarge gw-go-disable-hover\" data-current=\"1\" data-col-index=\"1\"><div class=\"gw-go-col gw-go-clean-style1\"><div class=\"gw-go-col-inner\"><div class=\"gw-go-col-inner-layer\"><\/div><div class=\"gw-go-col-inner-layer-over\"><\/div><div class=\"gw-go-header gw-go-header-standard\"><a href=\"https:\/\/plan7architekt.com\/produkt\/expert\/\"><img decoding=\"async\" class=\"aligncenter wp-image-47112 size-full\" src=\"https:\/\/plan7architekt.com\/i\/wp-content\/uploads\/2025\/07\/Plan7Architekt-Expert-4.png\" alt=\"\" width=\"765\" height=\"900\" srcset=\"https:\/\/plan7architekt.com\/i\/wp-content\/uploads\/2025\/07\/Plan7Architekt-Expert-4.png 765w, https:\/\/plan7architekt.com\/i\/wp-content\/uploads\/2025\/07\/Plan7Architekt-Expert-4-255x300.png 255w, https:\/\/plan7architekt.com\/i\/wp-content\/uploads\/2025\/07\/Plan7Architekt-Expert-4-500x588.png 500w, https:\/\/plan7architekt.com\/i\/wp-content\/uploads\/2025\/07\/Plan7Architekt-Expert-4-700x824.png 700w\" sizes=\"(max-width: 765px) 100vw, 765px\" \/><\/a><\/div><ul class=\"gw-go-body\"><li data-row-index=\"0\"><div class=\"gw-go-body-cell\"><span style=\"color:#2089c8;\">99,99\u20ac<\/span><\/div><\/li><li class=\"gw-go-even\" data-row-index=\"1\"><div class=\"gw-go-body-cell\">(Letztes Update: Februar 2025)<\/div><\/li><li data-row-index=\"2\"><div class=\"gw-go-body-cell\"><span style=\"color:#000000;\"><br>f\u00fcr mittelgro\u00dfe Projekte<br><\/span>\r\n<span style=\"color:#000000;\"><br>uneingeschr\u00e4nkte Grundrisserstellung & Gartenplanung<br><\/span>\r\n<span style=\"color:#000000;\"><br>keine Exportm\u00f6glichkeiten an den Architekten und keine Planerstellung f\u00fcr den Bauantrag<br><\/span><\/div><\/li><li class=\"gw-go-even\" data-row-index=\"3\"><div class=\"gw-go-body-cell\"><\/br>35 Bewertungen<\/br><i style=\"color:#ffae00; font-size:12px;\" class=\"fa fa-star\"><\/i> <i style=\"color:#ffae00; font-size:12px;\" class=\"fa fa-star\"><\/i> <i style=\"color:#ffae00; font-size:12px;\" class=\"fa fa-star\"><\/i> <i style=\"color:#ffae00; font-size:12px;\" class=\"fa fa-star\"><\/i> <i style=\"color:#838383; font-size:12px;\" class=\"fa fa-star-o\"><\/i><\/br><\/br><\/div><\/li><\/ul><div class=\"gw-go-footer-wrap\"><div class=\"gw-go-footer-spacer\"><\/div><div class=\"gw-go-footer\"><div class=\"gw-go-footer-rows\"><div class=\"gw-go-footer-row\" data-row-index=\"0\"><div class=\"gw-go-footer-row-inner\"><span style=\"color:#9d9d9d; text-decoration: line-through !important;\"><\/span><\/div><\/div><div class=\"gw-go-footer-row gw-go-even\" data-row-index=\"1\"><div class=\"gw-go-footer-row-inner\"><a href=\"https:\/\/plan7architekt.com\/produkt\/expert\/\" class=\"gw-go-btn gw-go-btn-large\"><span class=\"gw-go-btn-inner\">zum Produkt<\/span><\/a><\/div><\/div><\/div><\/div><\/div><\/div><\/div><\/div><div class=\"gw-go-col-wrap gw-go-col-wrap-2 gw-go-hover gw-go-disable-enlarge gw-go-disable-hover\" data-current=\"1\" data-col-index=\"2\"><div class=\"gw-go-col gw-go-clean-style1\"><div class=\"gw-go-col-inner\"><div class=\"gw-go-col-inner-layer\"><\/div><div class=\"gw-go-col-inner-layer-over\"><\/div><div class=\"gw-go-ribbon-text gw-go-ribbon-shadow gw-go-ribbon-left\"><span style=\"color:#ffffff; background-color:#00a4f9; font-weight:bold !important;\">BESTSELLER<\/span><\/div><div class=\"gw-go-header gw-go-header-standard\"><a href=\"https:\/\/plan7architekt.com\/produkt\/kaufen\/\"><img decoding=\"async\" class=\"aligncenter wp-image-47114 size-full\" src=\"https:\/\/plan7architekt.com\/i\/wp-content\/uploads\/2025\/07\/Plan7Architekt-Pro-4.png\" alt=\"\" width=\"765\" height=\"900\" srcset=\"https:\/\/plan7architekt.com\/i\/wp-content\/uploads\/2025\/07\/Plan7Architekt-Pro-4.png 765w, https:\/\/plan7architekt.com\/i\/wp-content\/uploads\/2025\/07\/Plan7Architekt-Pro-4-255x300.png 255w, https:\/\/plan7architekt.com\/i\/wp-content\/uploads\/2025\/07\/Plan7Architekt-Pro-4-500x588.png 500w, https:\/\/plan7architekt.com\/i\/wp-content\/uploads\/2025\/07\/Plan7Architekt-Pro-4-700x824.png 700w\" sizes=\"(max-width: 765px) 100vw, 765px\" \/><\/a><\/div><ul class=\"gw-go-body\"><li data-row-index=\"0\"><div class=\"gw-go-body-cell\"><span style=\"color:#2089c8;\">149,99\u20ac<\/span><\/div><\/li><li class=\"gw-go-even\" data-row-index=\"1\"><div class=\"gw-go-body-cell\">(Letztes Update: Februar 2025)<\/div><\/li><li data-row-index=\"2\"><div class=\"gw-go-body-cell\"><span style=\"color:#000000;\"><br>f\u00fcr Projekte jeder Gr\u00f6\u00dfe<br><\/span>\r\n<span style=\"color:#000000;\"><br>Import & Export f\u00fcr die Zusammenarbeit mit einem Architekten<br><\/span>\r\n<span style=\"color:#000000;\"><br>Planerstellung f\u00fcr echte Bauantr\u00e4ge nach deutschen & europ\u00e4ischen Baustandards<br><\/span>\r\n<span style=\"color:#000000;\"><br>viel gr\u00f6\u00dferer Funktionsumfang als in den beiden anderen Versionen<br><\/span><\/div><\/li><li class=\"gw-go-even\" data-row-index=\"3\"><div class=\"gw-go-body-cell\"><\/br>132 Bewertungen<\/br><i style=\"color:#ffae00; font-size:12px;\" class=\"fa fa-star\"><\/i> <i style=\"color:#ffae00; font-size:12px;\" class=\"fa fa-star\"><\/i> <i style=\"color:#ffae00; font-size:12px;\" class=\"fa fa-star\"><\/i> <i style=\"color:#ffae00; font-size:12px;\" class=\"fa fa-star\"><\/i> <i style=\"color:#ffae00; font-size:12px;\" class=\"fa fa-star\"><\/i><\/br><\/br><\/div><\/li><\/ul><div class=\"gw-go-footer-wrap\"><div class=\"gw-go-footer-spacer\"><\/div><div class=\"gw-go-footer\"><div class=\"gw-go-footer-rows\"><div class=\"gw-go-footer-row\" data-row-index=\"0\"><div class=\"gw-go-footer-row-inner\">&nbsp;<\/div><\/div><div class=\"gw-go-footer-row gw-go-even\" data-row-index=\"1\"><div class=\"gw-go-footer-row-inner\"><a href=\"https:\/\/plan7architekt.com\/produkt\/kaufen\/\" class=\"gw-go-btn gw-go-btn-large\"><span class=\"gw-go-btn-inner\">zum Produkt<\/span><\/a><\/div><\/div><\/div><\/div><\/div><\/div><\/div><\/div><\/div><\/div>[\/vc_column_text][\/vc_column][\/vc_row]<\/p>\n<\/section>","protected":false},"excerpt":{"rendered":"<p>[vc_row][vc_column width=&#8221;2\/3&#8243;][vc_column_text]Um einen Stuhl im Grundriss mit dem Plan7Architekt zu zeichnen, gehen Sie wie folgt vor: \u00d6ffnen Sie zun\u00e4chst&#8230;<\/p>\n","protected":false},"author":584,"featured_media":45942,"comment_status":"closed","ping_status":"closed","sticky":false,"template":"","format":"standard","meta":{"footnotes":""},"categories":[366],"tags":[],"class_list":{"0":"post-45941","1":"post","2":"type-post","3":"status-publish","4":"format-standard","5":"has-post-thumbnail","7":"category-grundriss-planen"},"yoast_head":"<!-- This site is optimized with the Yoast SEO plugin v27.5 - https:\/\/yoast.com\/product\/yoast-seo-wordpress\/ -->\n<title>Stuhl im Grundriss zeichnen mit dem Plan7Architekt<\/title>\n<meta name=\"robots\" content=\"index, follow, max-snippet:-1, max-image-preview:large, max-video-preview:-1\" \/>\n<link rel=\"canonical\" href=\"https:\/\/plan7architekt.com\/i\/stuhl-im-grundriss-zeichnen-mit-dem-plan7architekt-ai60\/\" \/>\n<meta name=\"twitter:label1\" content=\"Geschrieben von\" \/>\n\t<meta name=\"twitter:data1\" content=\"Plan7Architekt Support\" \/>\n\t<meta name=\"twitter:label2\" content=\"Gesch\u00e4tzte Lesezeit\" \/>\n\t<meta name=\"twitter:data2\" content=\"7\u00a0Minuten\" \/>\n<script type=\"application\/ld+json\" class=\"yoast-schema-graph\">{\"@context\":\"https:\\\/\\\/schema.org\",\"@graph\":[{\"@type\":\"Article\",\"@id\":\"https:\\\/\\\/plan7architekt.com\\\/i\\\/stuhl-im-grundriss-zeichnen-mit-dem-plan7architekt-ai60\\\/#article\",\"isPartOf\":{\"@id\":\"https:\\\/\\\/plan7architekt.com\\\/i\\\/stuhl-im-grundriss-zeichnen-mit-dem-plan7architekt-ai60\\\/\"},\"author\":{\"name\":\"Plan7Architekt Support\",\"@id\":\"https:\\\/\\\/plan7architekt.com\\\/i\\\/#\\\/schema\\\/person\\\/9ab7931240253702d63bf04e4dfe2a64\"},\"headline\":\"Stuhl im Grundriss zeichnen mit dem Plan7Architekt\",\"datePublished\":\"2024-10-27T11:34:32+00:00\",\"mainEntityOfPage\":{\"@id\":\"https:\\\/\\\/plan7architekt.com\\\/i\\\/stuhl-im-grundriss-zeichnen-mit-dem-plan7architekt-ai60\\\/\"},\"wordCount\":1183,\"publisher\":{\"@id\":\"https:\\\/\\\/plan7architekt.com\\\/i\\\/#organization\"},\"image\":{\"@id\":\"https:\\\/\\\/plan7architekt.com\\\/i\\\/stuhl-im-grundriss-zeichnen-mit-dem-plan7architekt-ai60\\\/#primaryimage\"},\"thumbnailUrl\":\"https:\\\/\\\/plan7architekt.com\\\/i\\\/wp-content\\\/uploads\\\/2024\\\/10\\\/Bild-zeigt-den-Grundriss-eines-Raumes-in-der-2D-Ansicht-bereit-fuer-die-Moebelplatzierung.webp\",\"articleSection\":[\"Grundriss planen\"],\"inLanguage\":\"de\"},{\"@type\":\"WebPage\",\"@id\":\"https:\\\/\\\/plan7architekt.com\\\/i\\\/stuhl-im-grundriss-zeichnen-mit-dem-plan7architekt-ai60\\\/\",\"url\":\"https:\\\/\\\/plan7architekt.com\\\/i\\\/stuhl-im-grundriss-zeichnen-mit-dem-plan7architekt-ai60\\\/\",\"name\":\"Stuhl im Grundriss zeichnen mit dem Plan7Architekt\",\"isPartOf\":{\"@id\":\"https:\\\/\\\/plan7architekt.com\\\/i\\\/#website\"},\"primaryImageOfPage\":{\"@id\":\"https:\\\/\\\/plan7architekt.com\\\/i\\\/stuhl-im-grundriss-zeichnen-mit-dem-plan7architekt-ai60\\\/#primaryimage\"},\"image\":{\"@id\":\"https:\\\/\\\/plan7architekt.com\\\/i\\\/stuhl-im-grundriss-zeichnen-mit-dem-plan7architekt-ai60\\\/#primaryimage\"},\"thumbnailUrl\":\"https:\\\/\\\/plan7architekt.com\\\/i\\\/wp-content\\\/uploads\\\/2024\\\/10\\\/Bild-zeigt-den-Grundriss-eines-Raumes-in-der-2D-Ansicht-bereit-fuer-die-Moebelplatzierung.webp\",\"breadcrumb\":{\"@id\":\"https:\\\/\\\/plan7architekt.com\\\/i\\\/stuhl-im-grundriss-zeichnen-mit-dem-plan7architekt-ai60\\\/#breadcrumb\"},\"inLanguage\":\"de\",\"potentialAction\":[{\"@type\":\"ReadAction\",\"target\":[\"https:\\\/\\\/plan7architekt.com\\\/i\\\/stuhl-im-grundriss-zeichnen-mit-dem-plan7architekt-ai60\\\/\"]}]},{\"@type\":\"ImageObject\",\"inLanguage\":\"de\",\"@id\":\"https:\\\/\\\/plan7architekt.com\\\/i\\\/stuhl-im-grundriss-zeichnen-mit-dem-plan7architekt-ai60\\\/#primaryimage\",\"url\":\"https:\\\/\\\/plan7architekt.com\\\/i\\\/wp-content\\\/uploads\\\/2024\\\/10\\\/Bild-zeigt-den-Grundriss-eines-Raumes-in-der-2D-Ansicht-bereit-fuer-die-Moebelplatzierung.webp\",\"contentUrl\":\"https:\\\/\\\/plan7architekt.com\\\/i\\\/wp-content\\\/uploads\\\/2024\\\/10\\\/Bild-zeigt-den-Grundriss-eines-Raumes-in-der-2D-Ansicht-bereit-fuer-die-Moebelplatzierung.webp\",\"width\":2558,\"height\":1328,\"caption\":\"Bild zeigt den Grundriss eines Raumes in der 2D-Ansicht, bereit f\u00fcr die M\u00f6belplatzierung\"},{\"@type\":\"BreadcrumbList\",\"@id\":\"https:\\\/\\\/plan7architekt.com\\\/i\\\/stuhl-im-grundriss-zeichnen-mit-dem-plan7architekt-ai60\\\/#breadcrumb\",\"itemListElement\":[{\"@type\":\"ListItem\",\"position\":1,\"name\":\"Blog\",\"item\":\"https:\\\/\\\/plan7architekt.com\\\/i\\\/\"},{\"@type\":\"ListItem\",\"position\":2,\"name\":\"Grundriss planen\",\"item\":\"https:\\\/\\\/plan7architekt.com\\\/i\\\/category\\\/grundriss-planen\\\/\"},{\"@type\":\"ListItem\",\"position\":3,\"name\":\"Stuhl im Grundriss zeichnen mit dem Plan7Architekt\"}]},{\"@type\":\"WebSite\",\"@id\":\"https:\\\/\\\/plan7architekt.com\\\/i\\\/#website\",\"url\":\"https:\\\/\\\/plan7architekt.com\\\/i\\\/\",\"name\":\"Plan7Architekt\",\"description\":\"\",\"publisher\":{\"@id\":\"https:\\\/\\\/plan7architekt.com\\\/i\\\/#organization\"},\"potentialAction\":[{\"@type\":\"SearchAction\",\"target\":{\"@type\":\"EntryPoint\",\"urlTemplate\":\"https:\\\/\\\/plan7architekt.com\\\/i\\\/?s={search_term_string}\"},\"query-input\":{\"@type\":\"PropertyValueSpecification\",\"valueRequired\":true,\"valueName\":\"search_term_string\"}}],\"inLanguage\":\"de\"},{\"@type\":\"Organization\",\"@id\":\"https:\\\/\\\/plan7architekt.com\\\/i\\\/#organization\",\"name\":\"Plan7Architekt\",\"url\":\"https:\\\/\\\/plan7architekt.com\\\/i\\\/\",\"logo\":{\"@type\":\"ImageObject\",\"inLanguage\":\"de\",\"@id\":\"https:\\\/\\\/plan7architekt.com\\\/i\\\/#\\\/schema\\\/logo\\\/image\\\/\",\"url\":\"https:\\\/\\\/plan7architekt.com\\\/i\\\/wp-content\\\/uploads\\\/2018\\\/06\\\/Logo_Plan7architekt-2.jpg\",\"contentUrl\":\"https:\\\/\\\/plan7architekt.com\\\/i\\\/wp-content\\\/uploads\\\/2018\\\/06\\\/Logo_Plan7architekt-2.jpg\",\"width\":395,\"height\":45,\"caption\":\"Plan7Architekt\"},\"image\":{\"@id\":\"https:\\\/\\\/plan7architekt.com\\\/i\\\/#\\\/schema\\\/logo\\\/image\\\/\"},\"sameAs\":[\"https:\\\/\\\/www.facebook.com\\\/people\\\/Plan7Architekt-Architektursoftware\\\/100063592615389\\\/\",\"https:\\\/\\\/www.youtube.com\\\/@plan7architekt\",\"https:\\\/\\\/www.instagram.com\\\/plan7architekt_de\\\/\",\"https:\\\/\\\/www.trustedshops.de\\\/bewertung\\\/info_XC87D0FA41684537E9E0DC3C77C926E32.html\",\"https:\\\/\\\/de.trustpilot.com\\\/review\\\/plan7architekt.com\"]},{\"@type\":\"Person\",\"@id\":\"https:\\\/\\\/plan7architekt.com\\\/i\\\/#\\\/schema\\\/person\\\/9ab7931240253702d63bf04e4dfe2a64\",\"name\":\"Plan7Architekt Support\"}]}<\/script>\n<!-- \/ Yoast SEO plugin. -->","yoast_head_json":{"title":"Stuhl im Grundriss zeichnen mit dem Plan7Architekt","robots":{"index":"index","follow":"follow","max-snippet":"max-snippet:-1","max-image-preview":"max-image-preview:large","max-video-preview":"max-video-preview:-1"},"canonical":"https:\/\/plan7architekt.com\/i\/stuhl-im-grundriss-zeichnen-mit-dem-plan7architekt-ai60\/","twitter_misc":{"Geschrieben von":"Plan7Architekt Support","Gesch\u00e4tzte Lesezeit":"7\u00a0Minuten"},"schema":{"@context":"https:\/\/schema.org","@graph":[{"@type":"Article","@id":"https:\/\/plan7architekt.com\/i\/stuhl-im-grundriss-zeichnen-mit-dem-plan7architekt-ai60\/#article","isPartOf":{"@id":"https:\/\/plan7architekt.com\/i\/stuhl-im-grundriss-zeichnen-mit-dem-plan7architekt-ai60\/"},"author":{"name":"Plan7Architekt Support","@id":"https:\/\/plan7architekt.com\/i\/#\/schema\/person\/9ab7931240253702d63bf04e4dfe2a64"},"headline":"Stuhl im Grundriss zeichnen mit dem Plan7Architekt","datePublished":"2024-10-27T11:34:32+00:00","mainEntityOfPage":{"@id":"https:\/\/plan7architekt.com\/i\/stuhl-im-grundriss-zeichnen-mit-dem-plan7architekt-ai60\/"},"wordCount":1183,"publisher":{"@id":"https:\/\/plan7architekt.com\/i\/#organization"},"image":{"@id":"https:\/\/plan7architekt.com\/i\/stuhl-im-grundriss-zeichnen-mit-dem-plan7architekt-ai60\/#primaryimage"},"thumbnailUrl":"https:\/\/plan7architekt.com\/i\/wp-content\/uploads\/2024\/10\/Bild-zeigt-den-Grundriss-eines-Raumes-in-der-2D-Ansicht-bereit-fuer-die-Moebelplatzierung.webp","articleSection":["Grundriss planen"],"inLanguage":"de"},{"@type":"WebPage","@id":"https:\/\/plan7architekt.com\/i\/stuhl-im-grundriss-zeichnen-mit-dem-plan7architekt-ai60\/","url":"https:\/\/plan7architekt.com\/i\/stuhl-im-grundriss-zeichnen-mit-dem-plan7architekt-ai60\/","name":"Stuhl im Grundriss zeichnen mit dem Plan7Architekt","isPartOf":{"@id":"https:\/\/plan7architekt.com\/i\/#website"},"primaryImageOfPage":{"@id":"https:\/\/plan7architekt.com\/i\/stuhl-im-grundriss-zeichnen-mit-dem-plan7architekt-ai60\/#primaryimage"},"image":{"@id":"https:\/\/plan7architekt.com\/i\/stuhl-im-grundriss-zeichnen-mit-dem-plan7architekt-ai60\/#primaryimage"},"thumbnailUrl":"https:\/\/plan7architekt.com\/i\/wp-content\/uploads\/2024\/10\/Bild-zeigt-den-Grundriss-eines-Raumes-in-der-2D-Ansicht-bereit-fuer-die-Moebelplatzierung.webp","breadcrumb":{"@id":"https:\/\/plan7architekt.com\/i\/stuhl-im-grundriss-zeichnen-mit-dem-plan7architekt-ai60\/#breadcrumb"},"inLanguage":"de","potentialAction":[{"@type":"ReadAction","target":["https:\/\/plan7architekt.com\/i\/stuhl-im-grundriss-zeichnen-mit-dem-plan7architekt-ai60\/"]}]},{"@type":"ImageObject","inLanguage":"de","@id":"https:\/\/plan7architekt.com\/i\/stuhl-im-grundriss-zeichnen-mit-dem-plan7architekt-ai60\/#primaryimage","url":"https:\/\/plan7architekt.com\/i\/wp-content\/uploads\/2024\/10\/Bild-zeigt-den-Grundriss-eines-Raumes-in-der-2D-Ansicht-bereit-fuer-die-Moebelplatzierung.webp","contentUrl":"https:\/\/plan7architekt.com\/i\/wp-content\/uploads\/2024\/10\/Bild-zeigt-den-Grundriss-eines-Raumes-in-der-2D-Ansicht-bereit-fuer-die-Moebelplatzierung.webp","width":2558,"height":1328,"caption":"Bild zeigt den Grundriss eines Raumes in der 2D-Ansicht, bereit f\u00fcr die M\u00f6belplatzierung"},{"@type":"BreadcrumbList","@id":"https:\/\/plan7architekt.com\/i\/stuhl-im-grundriss-zeichnen-mit-dem-plan7architekt-ai60\/#breadcrumb","itemListElement":[{"@type":"ListItem","position":1,"name":"Blog","item":"https:\/\/plan7architekt.com\/i\/"},{"@type":"ListItem","position":2,"name":"Grundriss planen","item":"https:\/\/plan7architekt.com\/i\/category\/grundriss-planen\/"},{"@type":"ListItem","position":3,"name":"Stuhl im Grundriss zeichnen mit dem Plan7Architekt"}]},{"@type":"WebSite","@id":"https:\/\/plan7architekt.com\/i\/#website","url":"https:\/\/plan7architekt.com\/i\/","name":"Plan7Architekt","description":"","publisher":{"@id":"https:\/\/plan7architekt.com\/i\/#organization"},"potentialAction":[{"@type":"SearchAction","target":{"@type":"EntryPoint","urlTemplate":"https:\/\/plan7architekt.com\/i\/?s={search_term_string}"},"query-input":{"@type":"PropertyValueSpecification","valueRequired":true,"valueName":"search_term_string"}}],"inLanguage":"de"},{"@type":"Organization","@id":"https:\/\/plan7architekt.com\/i\/#organization","name":"Plan7Architekt","url":"https:\/\/plan7architekt.com\/i\/","logo":{"@type":"ImageObject","inLanguage":"de","@id":"https:\/\/plan7architekt.com\/i\/#\/schema\/logo\/image\/","url":"https:\/\/plan7architekt.com\/i\/wp-content\/uploads\/2018\/06\/Logo_Plan7architekt-2.jpg","contentUrl":"https:\/\/plan7architekt.com\/i\/wp-content\/uploads\/2018\/06\/Logo_Plan7architekt-2.jpg","width":395,"height":45,"caption":"Plan7Architekt"},"image":{"@id":"https:\/\/plan7architekt.com\/i\/#\/schema\/logo\/image\/"},"sameAs":["https:\/\/www.facebook.com\/people\/Plan7Architekt-Architektursoftware\/100063592615389\/","https:\/\/www.youtube.com\/@plan7architekt","https:\/\/www.instagram.com\/plan7architekt_de\/","https:\/\/www.trustedshops.de\/bewertung\/info_XC87D0FA41684537E9E0DC3C77C926E32.html","https:\/\/de.trustpilot.com\/review\/plan7architekt.com"]},{"@type":"Person","@id":"https:\/\/plan7architekt.com\/i\/#\/schema\/person\/9ab7931240253702d63bf04e4dfe2a64","name":"Plan7Architekt Support"}]}},"_links":{"self":[{"href":"https:\/\/plan7architekt.com\/i\/wp-json\/wp\/v2\/posts\/45941","targetHints":{"allow":["GET"]}}],"collection":[{"href":"https:\/\/plan7architekt.com\/i\/wp-json\/wp\/v2\/posts"}],"about":[{"href":"https:\/\/plan7architekt.com\/i\/wp-json\/wp\/v2\/types\/post"}],"author":[{"embeddable":true,"href":"https:\/\/plan7architekt.com\/i\/wp-json\/wp\/v2\/users\/584"}],"replies":[{"embeddable":true,"href":"https:\/\/plan7architekt.com\/i\/wp-json\/wp\/v2\/comments?post=45941"}],"version-history":[{"count":1,"href":"https:\/\/plan7architekt.com\/i\/wp-json\/wp\/v2\/posts\/45941\/revisions"}],"predecessor-version":[{"id":45944,"href":"https:\/\/plan7architekt.com\/i\/wp-json\/wp\/v2\/posts\/45941\/revisions\/45944"}],"wp:featuredmedia":[{"embeddable":true,"href":"https:\/\/plan7architekt.com\/i\/wp-json\/wp\/v2\/media\/45942"}],"wp:attachment":[{"href":"https:\/\/plan7architekt.com\/i\/wp-json\/wp\/v2\/media?parent=45941"}],"wp:term":[{"taxonomy":"category","embeddable":true,"href":"https:\/\/plan7architekt.com\/i\/wp-json\/wp\/v2\/categories?post=45941"},{"taxonomy":"post_tag","embeddable":true,"href":"https:\/\/plan7architekt.com\/i\/wp-json\/wp\/v2\/tags?post=45941"}],"curies":[{"name":"wp","href":"https:\/\/api.w.org\/{rel}","templated":true}]}}