{"id":42129,"date":"2024-01-31T07:12:05","date_gmt":"2024-01-31T06:12:05","guid":{"rendered":"https:\/\/plan7architekt.com\/i\/?p=42129"},"modified":"2024-10-23T17:01:16","modified_gmt":"2024-10-23T16:01:16","slug":"wie-gross-sollte-ein-vordach-sein-aufklaerung-ai52","status":"publish","type":"post","link":"https:\/\/plan7architekt.com\/i\/wie-gross-sollte-ein-vordach-sein-aufklaerung-ai52\/","title":{"rendered":"Wie gro\u00df sollte ein Vordach sein? &#8211; Aufkl\u00e4rung"},"content":{"rendered":"<section class=\"wpb-content-wrapper\"><p>[vc_row][vc_column width=&#8221;2\/3&#8243;][vc_column_text]<\/p>\n<p>Vord\u00e4cher spielen eine entscheidende Rolle bei der Gestaltung barrierefreier Eing\u00e4nge. Sie bieten nicht nur Schutz vor Witterungseinfl\u00fcssen, sondern tragen auch zur Langlebigkeit und Funktionalit\u00e4t des Eingangsbereichs bei. Eine sorgf\u00e4ltige Planung und Bemessung des Vordachs ist daher unerl\u00e4sslich, um sowohl praktische als auch \u00e4sthetische Anforderungen zu erf\u00fcllen.<\/p>\n<figure id=\"attachment_45781\" aria-describedby=\"caption-attachment-45781\" style=\"width: 1917px\" class=\"wp-caption alignnone\"><img decoding=\"async\" class=\"wp-image-45781 size-full\" src=\"https:\/\/plan7architekt.com\/i\/wp-content\/uploads\/2024\/01\/Im-Plan7Architekt-kann-man-das-Vordach-nach-deutschen-Baustandards-planen.webp\" alt=\"Im Plan7Architekt kann man das Vordach nach deutschen Baustandards planen\" width=\"1917\" height=\"1001\" srcset=\"https:\/\/plan7architekt.com\/i\/wp-content\/uploads\/2024\/01\/Im-Plan7Architekt-kann-man-das-Vordach-nach-deutschen-Baustandards-planen.webp 1917w, https:\/\/plan7architekt.com\/i\/wp-content\/uploads\/2024\/01\/Im-Plan7Architekt-kann-man-das-Vordach-nach-deutschen-Baustandards-planen-300x157.webp 300w, https:\/\/plan7architekt.com\/i\/wp-content\/uploads\/2024\/01\/Im-Plan7Architekt-kann-man-das-Vordach-nach-deutschen-Baustandards-planen-1024x535.webp 1024w, https:\/\/plan7architekt.com\/i\/wp-content\/uploads\/2024\/01\/Im-Plan7Architekt-kann-man-das-Vordach-nach-deutschen-Baustandards-planen-768x401.webp 768w, https:\/\/plan7architekt.com\/i\/wp-content\/uploads\/2024\/01\/Im-Plan7Architekt-kann-man-das-Vordach-nach-deutschen-Baustandards-planen-1536x802.webp 1536w\" sizes=\"(max-width: 1917px) 100vw, 1917px\" \/><figcaption id=\"caption-attachment-45781\" class=\"wp-caption-text\">Im Plan7Architekt kann man das Vordach nach deutschen Baustandards planen<\/figcaption><\/figure>\n<h2>Grundlagen der Bemessung<\/h2>\n<p>Die Bemessung von Vord\u00e4chern orientiert sich an verschiedenen DIN-Normen und Richtlinien. Diese Regelwerke, wie die DIN 18533-1 und DIN 18531-1, geben wichtige Hinweise zur Abdichtung und Gestaltung von Eingangsbereichen. Sie definieren niveaugleiche T\u00fcrschwellen als abdichtungstechnische Sonderkonstruktionen, die besondere Ma\u00dfnahmen erfordern \u2013 wie etwa ausreichend gro\u00dfe Vord\u00e4cher. Allerdings lassen diese Normen konkrete Angaben zur Gr\u00f6\u00dfe und Ausf\u00fchrung der Vord\u00e4cher offen, was Planern und Bauherren Spielraum f\u00fcr individuelle L\u00f6sungen bietet.<\/p>\n<h3>Praktische Faustformeln zur Bemessung<\/h3>\n<p>In der Praxis haben sich zwei Faustformeln zur Bemessung von Vord\u00e4chern etabliert:<\/p>\n<h4>Faustformel 1: H\u00e4lftige-H\u00f6he-Regel<\/h4>\n<p>Diese Regel besagt, dass die Tiefe des Vordachs mindestens der halben H\u00f6he entsprechen sollte. Die H\u00f6he wird dabei als vertikaler Abstand zwischen dem Fu\u00dfpunkt der T\u00fcrschwelle und der Unterkante des Vordachs gemessen.<\/p>\n<h4>Faustformel 2: 30-Grad-Regel<\/h4>\n<p>Die zweite Formel bezieht sich auf den \u00dcberdeckungswinkel am Fu\u00dfpunkt der \u00dcberdachung, der 30 Grad betragen sollte. Die Tiefe des Vordachs l\u00e4sst sich mit dieser Regel \u00fcber die trigonometrische Funktion des Tangens bestimmen. Diese Regel gilt auch f\u00fcr die seitlichen \u00dcberst\u00e4nde des Vordachs in Bezug auf die T\u00fcrschwelle.<\/p>\n<figure id=\"attachment_45757\" aria-describedby=\"caption-attachment-45757\" style=\"width: 2556px\" class=\"wp-caption alignnone\"><img decoding=\"async\" class=\"wp-image-45757 size-full\" src=\"https:\/\/plan7architekt.com\/i\/wp-content\/uploads\/2024\/02\/Mit-dem-Plan7Architekt-koennen-Sie-Dielen-und-alle-Zimmer-nach-deutschen-Baustandards-planen.webp\" alt=\"Mit dem Plan7Architekt k\u00f6nnen Sie Dielen und alle Zimmer nach deutschen Baustandards planen\" width=\"2556\" height=\"1335\" srcset=\"https:\/\/plan7architekt.com\/i\/wp-content\/uploads\/2024\/02\/Mit-dem-Plan7Architekt-koennen-Sie-Dielen-und-alle-Zimmer-nach-deutschen-Baustandards-planen.webp 2556w, https:\/\/plan7architekt.com\/i\/wp-content\/uploads\/2024\/02\/Mit-dem-Plan7Architekt-koennen-Sie-Dielen-und-alle-Zimmer-nach-deutschen-Baustandards-planen-300x157.webp 300w, https:\/\/plan7architekt.com\/i\/wp-content\/uploads\/2024\/02\/Mit-dem-Plan7Architekt-koennen-Sie-Dielen-und-alle-Zimmer-nach-deutschen-Baustandards-planen-1024x535.webp 1024w, https:\/\/plan7architekt.com\/i\/wp-content\/uploads\/2024\/02\/Mit-dem-Plan7Architekt-koennen-Sie-Dielen-und-alle-Zimmer-nach-deutschen-Baustandards-planen-768x401.webp 768w, https:\/\/plan7architekt.com\/i\/wp-content\/uploads\/2024\/02\/Mit-dem-Plan7Architekt-koennen-Sie-Dielen-und-alle-Zimmer-nach-deutschen-Baustandards-planen-1536x802.webp 1536w, https:\/\/plan7architekt.com\/i\/wp-content\/uploads\/2024\/02\/Mit-dem-Plan7Architekt-koennen-Sie-Dielen-und-alle-Zimmer-nach-deutschen-Baustandards-planen-2048x1070.webp 2048w\" sizes=\"(max-width: 2556px) 100vw, 2556px\" \/><figcaption id=\"caption-attachment-45757\" class=\"wp-caption-text\">Mit dem Plan7Architekt k\u00f6nnen Sie Dielen und alle Zimmer nach deutschen Baustandards planen<\/figcaption><\/figure>\n<h2>Ber\u00fccksichtigung von Lage und Exposition<\/h2>\n<p>Die Effektivit\u00e4t eines Vordachs h\u00e4ngt stark von der Lage und Exposition des Geb\u00e4udes ab. In Gebieten mit gem\u00e4\u00dfigten Wetterbedingungen k\u00f6nnen die oben genannten Faustformeln ausreichend sein. In Regionen mit strengen oder extremen Wetterbedingungen sollten Vord\u00e4cher jedoch gr\u00f6\u00dfer dimensioniert oder durch zus\u00e4tzliche Ma\u00dfnahmen erg\u00e4nzt werden.<\/p>\n<h3>Erg\u00e4nzende Ma\u00dfnahmen f\u00fcr extremere Bedingungen<\/h3>\n<p>In besonders exponierten Lagen reichen die Standard-Faustformeln oft nicht aus. Hier sollten Vord\u00e4cher entweder gr\u00f6\u00dfer bemessen oder durch vertikale Witterungsschutzelemente erg\u00e4nzt werden. Diese Elemente, wie seitliche W\u00e4nde oder Schutzpaneele, verbessern den Schutz vor Wind und Regen erheblich. Ihre Wirksamkeit h\u00e4ngt jedoch davon ab, wie nah sie an der T\u00fcr positioniert werden.<\/p>\n<p>Durch die Anwendung dieser Richtlinien und Faustformeln k\u00f6nnen Sie ein Vordach planen, das nicht nur funktional und \u00e4sthetisch ansprechend ist, sondern auch den spezifischen Anforderungen Ihres Geb\u00e4udes gerecht wird.<\/p>\n<p>[\/vc_column_text][vc_message]<\/p>\n<h3>Vordachgr\u00f6\u00dfe planen mit Plan7Architekt<\/h3>\n<p>Mit Plan7Architekt k\u00f6nnen Sie die optimale Gr\u00f6\u00dfe f\u00fcr ein Vordach planen, um ausreichend Schutz und Raum f\u00fcr den Eingangsbereich zu gew\u00e4hrleisten. Die Software bietet pr\u00e4zise 2D- und 3D-Planungsfunktionen, ideal f\u00fcr die individuelle Gestaltung von Vord\u00e4chern. Zudem haben Sie ein 14-t\u00e4giges Widerrufsrecht und k\u00f6nnen den Kauf risikofrei per E-Mail stornieren. Testen Sie Plan7Architekt und gestalten Sie Ihr Vordach nach Ihren Bed\u00fcrfnissen![\/vc_message]<div class=\"gem-youtube gem-wrapbox gem-wrapbox-style-no-style rounded-corners gem-wrapbox-position-below\" style=\"width: 100%;\"><div class=\"gem-wrapbox-inner gem-ratio-style\" style=\"padding-top: 56.25%\"><iframe class=\"gem-wrapbox-element img-responsive\" width=\"100%\" height=\"300\" allowfullscreen=\"allowfullscreen\" frameborder=\"0\" scrolling=\"no\" marginheight=\"0\" marginwidth=\"0\" src=\"\/\/www.youtube.com\/embed\/pNn55Zf_Qxs?rel=0&amp;wmode=opaque\"><\/iframe><\/div><\/div>[\/vc_column][vc_column width=&#8221;1\/3&#8243; css=&#8221;.vc_custom_1705131079263{background-color: #23262d !important;border-radius: 35px !important;}&#8221;][vc_widget_sidebar sidebar_id=&#8221;cs-2&#8243;][\/vc_column][\/vc_row][vc_row][vc_column][vc_column_text]<\/p>\n<h2>Die 3 Plan7Architekten<\/h2>\n<p><style type=\"text\/css\">@import url(\/\/fonts.googleapis.com\/css?family=Raleway:400);@import url(https:\/\/plan7architekt.com\/i\/wp-content\/plugins\/go_pricing\/assets\/lib\/font_awesome\/css\/font-awesome.min.css); #go-pricing-table-38664 .gw-go { margin-left:-50px; } #go-pricing-table-38664 .gw-go-col { margin-left:50px; } #go-pricing-table-38664 .gw-go-col-wrap { min-width:130px; } #go-pricing-table-38664 .gw-go-col-inner { border-radius:0 0 0 0; } #go-pricing-table-38664 .gw-go-tooltip-content { background-color:#333333;color:#ffffff; } #go-pricing-table-38664 .gw-go-tooltip:before { border-top-color:#333333; } #go-pricing-table-38664 .gw-go-col-wrap-0.gw-go-hover .gw-go-header-top { background-color:#2089c8; } #go-pricing-table-38664 .gw-go-col-wrap-0 .gw-go-price-wrap span, #go-pricing-table-38664 .gw-go-col-wrap-0 .gw-go-coinf div, #go-pricing-table-38664 .gw-go-col-wrap-0 .gw-go-coinb div { color:#2089c8; } #go-pricing-table-38664 .gw-go-col-wrap-0 .gw-go-body li[data-row-index=\"0\"] { font-size:28px !important; line-height:70px !important; } #go-pricing-table-38664 .gw-go-col-wrap-0 .gw-go-body li[data-row-index=\"1\"] { font-size:18px !important; line-height:24px !important; font-family:Raleway, sans-serif !important; } #go-pricing-table-38664 .gw-go-col-wrap-0 .gw-go-body li[data-row-index=\"2\"] { font-size:18px !important; line-height:24px !important; font-family:Raleway, sans-serif !important; } #go-pricing-table-38664 .gw-go-col-wrap-0 .gw-go-body li[data-row-index=\"3\"] { font-size:14px !important; line-height:16px !important; } #go-pricing-table-38664 .gw-go-col-wrap-0 .gw-go-footer-row[data-row-index=\"0\"]  { font-size:12px !important; line-height:16px !important; } #go-pricing-table-38664 .gw-go-col-wrap-0 .gw-go-footer-row[data-row-index=\"1\"]  .gw-go-btn { font-size:14px !important; } #go-pricing-table-38664 .gw-go-col-wrap-0 .gw-go-footer-row[data-row-index=\"1\"] .gw-go-btn { background-color:#00bcd4 !important; } #go-pricing-table-38664 .gw-go-col-wrap-1.gw-go-hover .gw-go-header-top { background-color:#2089c8; } #go-pricing-table-38664 .gw-go-col-wrap-1 .gw-go-price-wrap span, #go-pricing-table-38664 .gw-go-col-wrap-1 .gw-go-coinf div, #go-pricing-table-38664 .gw-go-col-wrap-1 .gw-go-coinb div { color:#2089c8; } #go-pricing-table-38664 .gw-go-col-wrap-1 .gw-go-body li[data-row-index=\"0\"] { font-size:28px !important; line-height:70px !important; } #go-pricing-table-38664 .gw-go-col-wrap-1 .gw-go-body li[data-row-index=\"1\"] { font-size:18px !important; line-height:24px !important; font-family:Raleway, sans-serif !important; } #go-pricing-table-38664 .gw-go-col-wrap-1 .gw-go-body li[data-row-index=\"2\"] { font-size:18px !important; line-height:24px !important; font-family:Raleway, sans-serif !important; } #go-pricing-table-38664 .gw-go-col-wrap-1 .gw-go-body li[data-row-index=\"3\"] { font-size:14px !important; line-height:16px !important; } #go-pricing-table-38664 .gw-go-col-wrap-1 .gw-go-footer-row[data-row-index=\"0\"]  { font-size:13px !important; line-height:16px !important; } #go-pricing-table-38664 .gw-go-col-wrap-1 .gw-go-footer-row[data-row-index=\"1\"]  .gw-go-btn { font-size:14px !important; } #go-pricing-table-38664 .gw-go-col-wrap-1 .gw-go-footer-row[data-row-index=\"1\"] .gw-go-btn { background-color:#00bcd4 !important; } #go-pricing-table-38664 .gw-go-col-wrap-2.gw-go-hover .gw-go-header-top { background-color:#2089c8; } #go-pricing-table-38664 .gw-go-col-wrap-2 .gw-go-price-wrap span, #go-pricing-table-38664 .gw-go-col-wrap-2 .gw-go-coinf div, #go-pricing-table-38664 .gw-go-col-wrap-2 .gw-go-coinb div { color:#2089c8; } #go-pricing-table-38664 .gw-go-col-wrap-2 .gw-go-body li[data-row-index=\"0\"] { font-size:28px !important; line-height:70px !important; } #go-pricing-table-38664 .gw-go-col-wrap-2 .gw-go-body li[data-row-index=\"1\"] { font-size:18px !important; line-height:24px !important; font-family:Raleway, sans-serif !important; } #go-pricing-table-38664 .gw-go-col-wrap-2 .gw-go-body li[data-row-index=\"2\"] { font-size:18px !important; line-height:24px !important; font-family:Raleway, sans-serif !important; } #go-pricing-table-38664 .gw-go-col-wrap-2 .gw-go-body li[data-row-index=\"3\"] { font-size:14px !important; line-height:16px !important; } #go-pricing-table-38664 .gw-go-col-wrap-2 .gw-go-footer-row[data-row-index=\"0\"]  { font-size:12px !important; line-height:16px !important; } #go-pricing-table-38664 .gw-go-col-wrap-2 .gw-go-footer-row[data-row-index=\"1\"]  .gw-go-btn { font-size:14px !important; } #go-pricing-table-38664 .gw-go-col-wrap-2 .gw-go-footer-row[data-row-index=\"1\"] .gw-go-btn { background-color:#00bcd4 !important; } #go-pricing-table-38664 .gw-go { visibility:inherit; }<\/style><style>@media only screen and (min-width: 480px) and (max-width: 767px) { #go-pricing-table-38664 .gw-go-col-wrap { width:50%; } }<\/style><style>@media only screen and (min-width: 480px) and (max-width: 767px) { .gw-go-tooltip { left:50% !important; right:auto !important; transform: translateX(-50%) !important; margin-left:0!important; } .gw-go-tooltip-content:before { right:auto !important; left:50% !important; margin-left:-6px !important; } }<\/style><style>@media only screen and (max-width: 479px) { #go-pricing-table-38664 .gw-go-col-wrap { width:100%; } }<\/style><style>@media only screen and (max-width: 479px) { .gw-go-tooltip { left:50% !important; right:auto !important; transform: translateX(-50%) !important; margin-left:0!important; } .gw-go-tooltip-content:before { right:auto !important; left:50% !important; margin-left:-6px !important; } }<\/style><div id=\"go-pricing-table-38664\" class=\"go-pricing\" style=\"margin-bottom:20px;\"><div class=\"gw-go gw-go-clearfix gw-go-enlarge-current gw-go-3cols\" data-id=\"38664\" data-colnum=\"3\" data-equalize=\"{&quot;body&quot;:&quot;1&quot;,&quot;footer&quot;:&quot;1&quot;}\" data-views=\"{&quot;tp&quot;:{&quot;min&quot;:&quot;768&quot;,&quot;max&quot;:&quot;959&quot;,&quot;cols&quot;:&quot;&quot;},&quot;ml&quot;:{&quot;min&quot;:&quot;480&quot;,&quot;max&quot;:&quot;767&quot;,&quot;cols&quot;:&quot;2&quot;},&quot;mp&quot;:{&quot;min&quot;:&quot;&quot;,&quot;max&quot;:&quot;479&quot;,&quot;cols&quot;:&quot;1&quot;}}\"><div class=\"gw-go-col-wrap gw-go-col-wrap-0 gw-go-hover gw-go-disable-enlarge gw-go-disable-hover\" data-current=\"1\" data-col-index=\"0\"><div class=\"gw-go-col gw-go-clean-style1\"><div class=\"gw-go-col-inner\"><div class=\"gw-go-col-inner-layer\"><\/div><div class=\"gw-go-col-inner-layer-over\"><\/div><div class=\"gw-go-header gw-go-header-standard\"><a href=\"https:\/\/plan7architekt.com\/produkt\/basic\/?v=5f02f0889301\"><img decoding=\"async\" class=\"aligncenter wp-image-47113 size-full\" src=\"https:\/\/plan7architekt.com\/i\/wp-content\/uploads\/2025\/07\/Plan7Architekt-Basic-6.png\" alt=\"\" width=\"765\" height=\"900\" srcset=\"https:\/\/plan7architekt.com\/i\/wp-content\/uploads\/2025\/07\/Plan7Architekt-Basic-6.png 765w, https:\/\/plan7architekt.com\/i\/wp-content\/uploads\/2025\/07\/Plan7Architekt-Basic-6-255x300.png 255w, https:\/\/plan7architekt.com\/i\/wp-content\/uploads\/2025\/07\/Plan7Architekt-Basic-6-500x588.png 500w, https:\/\/plan7architekt.com\/i\/wp-content\/uploads\/2025\/07\/Plan7Architekt-Basic-6-700x824.png 700w\" sizes=\"(max-width: 765px) 100vw, 765px\" \/><\/a><\/div><ul class=\"gw-go-body\"><li data-row-index=\"0\"><div class=\"gw-go-body-cell\"><span style=\"color:#2089c8;\">79.99\u20ac<\/span><\/div><\/li><li class=\"gw-go-even\" data-row-index=\"1\"><div class=\"gw-go-body-cell\">(Letztes Update: Februar 2025)<\/div><\/li><li data-row-index=\"2\"><div class=\"gw-go-body-cell\"><span style=\"color:#000000;\"><br>Geeignet f\u00fcr kleine Hobby-Projekte<br><\/span>\r\n<span style=\"color:#000000;\"><br>keine Gartenplanung und nur eine eingeschr\u00e4nkte Grundrisserstellung mit wenigen Wandarten<br><\/span><\/div><\/li><li class=\"gw-go-even\" data-row-index=\"3\"><div class=\"gw-go-body-cell\"><\/br>17 Bewertungen<\/br><i style=\"color:#ffae00; font-size:12px;\" class=\"fa fa-star\"><\/i> <i style=\"color:#ffae00; font-size:12px;\" class=\"fa fa-star\"><\/i> <i style=\"color:#ffae00; font-size:12px;\" class=\"fa fa-star\"><\/i> <i style=\"color:#ffae00; font-size:12px;\" class=\"fa fa-star\"><\/i> <i style=\"color:#838383; font-size:12px;\" class=\"fa fa-star-o\"><\/i><\/br><\/br><\/div><\/li><\/ul><div class=\"gw-go-footer-wrap\"><div class=\"gw-go-footer-spacer\"><\/div><div class=\"gw-go-footer\"><div class=\"gw-go-footer-rows\"><div class=\"gw-go-footer-row\" data-row-index=\"0\"><div class=\"gw-go-footer-row-inner\">&nbsp;<\/div><\/div><div class=\"gw-go-footer-row gw-go-even\" data-row-index=\"1\"><div class=\"gw-go-footer-row-inner\"><a href=\"https:\/\/plan7architekt.com\/produkt\/basic\/\" class=\"gw-go-btn gw-go-btn-large\"><span class=\"gw-go-btn-inner\">zum Produkt<\/span><\/a><\/div><\/div><\/div><\/div><\/div><\/div><\/div><\/div><div class=\"gw-go-col-wrap gw-go-col-wrap-1 gw-go-hover gw-go-disable-enlarge gw-go-disable-hover\" data-current=\"1\" data-col-index=\"1\"><div class=\"gw-go-col gw-go-clean-style1\"><div class=\"gw-go-col-inner\"><div class=\"gw-go-col-inner-layer\"><\/div><div class=\"gw-go-col-inner-layer-over\"><\/div><div class=\"gw-go-header gw-go-header-standard\"><a href=\"https:\/\/plan7architekt.com\/produkt\/expert\/\"><img decoding=\"async\" class=\"aligncenter wp-image-47112 size-full\" src=\"https:\/\/plan7architekt.com\/i\/wp-content\/uploads\/2025\/07\/Plan7Architekt-Expert-4.png\" alt=\"\" width=\"765\" height=\"900\" srcset=\"https:\/\/plan7architekt.com\/i\/wp-content\/uploads\/2025\/07\/Plan7Architekt-Expert-4.png 765w, https:\/\/plan7architekt.com\/i\/wp-content\/uploads\/2025\/07\/Plan7Architekt-Expert-4-255x300.png 255w, https:\/\/plan7architekt.com\/i\/wp-content\/uploads\/2025\/07\/Plan7Architekt-Expert-4-500x588.png 500w, https:\/\/plan7architekt.com\/i\/wp-content\/uploads\/2025\/07\/Plan7Architekt-Expert-4-700x824.png 700w\" sizes=\"(max-width: 765px) 100vw, 765px\" \/><\/a><\/div><ul class=\"gw-go-body\"><li data-row-index=\"0\"><div class=\"gw-go-body-cell\"><span style=\"color:#2089c8;\">99,99\u20ac<\/span><\/div><\/li><li class=\"gw-go-even\" data-row-index=\"1\"><div class=\"gw-go-body-cell\">(Letztes Update: Februar 2025)<\/div><\/li><li data-row-index=\"2\"><div class=\"gw-go-body-cell\"><span style=\"color:#000000;\"><br>f\u00fcr mittelgro\u00dfe Projekte<br><\/span>\r\n<span style=\"color:#000000;\"><br>uneingeschr\u00e4nkte Grundrisserstellung & Gartenplanung<br><\/span>\r\n<span style=\"color:#000000;\"><br>keine Exportm\u00f6glichkeiten an den Architekten und keine Planerstellung f\u00fcr den Bauantrag<br><\/span><\/div><\/li><li class=\"gw-go-even\" data-row-index=\"3\"><div class=\"gw-go-body-cell\"><\/br>35 Bewertungen<\/br><i style=\"color:#ffae00; font-size:12px;\" class=\"fa fa-star\"><\/i> <i style=\"color:#ffae00; font-size:12px;\" class=\"fa fa-star\"><\/i> <i style=\"color:#ffae00; font-size:12px;\" class=\"fa fa-star\"><\/i> <i style=\"color:#ffae00; font-size:12px;\" class=\"fa fa-star\"><\/i> <i style=\"color:#838383; font-size:12px;\" class=\"fa fa-star-o\"><\/i><\/br><\/br><\/div><\/li><\/ul><div class=\"gw-go-footer-wrap\"><div class=\"gw-go-footer-spacer\"><\/div><div class=\"gw-go-footer\"><div class=\"gw-go-footer-rows\"><div class=\"gw-go-footer-row\" data-row-index=\"0\"><div class=\"gw-go-footer-row-inner\"><span style=\"color:#9d9d9d; text-decoration: line-through !important;\"><\/span><\/div><\/div><div class=\"gw-go-footer-row gw-go-even\" data-row-index=\"1\"><div class=\"gw-go-footer-row-inner\"><a href=\"https:\/\/plan7architekt.com\/produkt\/expert\/\" class=\"gw-go-btn gw-go-btn-large\"><span class=\"gw-go-btn-inner\">zum Produkt<\/span><\/a><\/div><\/div><\/div><\/div><\/div><\/div><\/div><\/div><div class=\"gw-go-col-wrap gw-go-col-wrap-2 gw-go-hover gw-go-disable-enlarge gw-go-disable-hover\" data-current=\"1\" data-col-index=\"2\"><div class=\"gw-go-col gw-go-clean-style1\"><div class=\"gw-go-col-inner\"><div class=\"gw-go-col-inner-layer\"><\/div><div class=\"gw-go-col-inner-layer-over\"><\/div><div class=\"gw-go-ribbon-text gw-go-ribbon-shadow gw-go-ribbon-left\"><span style=\"color:#ffffff; background-color:#00a4f9; font-weight:bold !important;\">BESTSELLER<\/span><\/div><div class=\"gw-go-header gw-go-header-standard\"><a href=\"https:\/\/plan7architekt.com\/produkt\/kaufen\/\"><img decoding=\"async\" class=\"aligncenter wp-image-47114 size-full\" src=\"https:\/\/plan7architekt.com\/i\/wp-content\/uploads\/2025\/07\/Plan7Architekt-Pro-4.png\" alt=\"\" width=\"765\" height=\"900\" srcset=\"https:\/\/plan7architekt.com\/i\/wp-content\/uploads\/2025\/07\/Plan7Architekt-Pro-4.png 765w, https:\/\/plan7architekt.com\/i\/wp-content\/uploads\/2025\/07\/Plan7Architekt-Pro-4-255x300.png 255w, https:\/\/plan7architekt.com\/i\/wp-content\/uploads\/2025\/07\/Plan7Architekt-Pro-4-500x588.png 500w, https:\/\/plan7architekt.com\/i\/wp-content\/uploads\/2025\/07\/Plan7Architekt-Pro-4-700x824.png 700w\" sizes=\"(max-width: 765px) 100vw, 765px\" \/><\/a><\/div><ul class=\"gw-go-body\"><li data-row-index=\"0\"><div class=\"gw-go-body-cell\"><span style=\"color:#2089c8;\">149,99\u20ac<\/span><\/div><\/li><li class=\"gw-go-even\" data-row-index=\"1\"><div class=\"gw-go-body-cell\">(Letztes Update: Februar 2025)<\/div><\/li><li data-row-index=\"2\"><div class=\"gw-go-body-cell\"><span style=\"color:#000000;\"><br>f\u00fcr Projekte jeder Gr\u00f6\u00dfe<br><\/span>\r\n<span style=\"color:#000000;\"><br>Import & Export f\u00fcr die Zusammenarbeit mit einem Architekten<br><\/span>\r\n<span style=\"color:#000000;\"><br>Planerstellung f\u00fcr echte Bauantr\u00e4ge nach deutschen & europ\u00e4ischen Baustandards<br><\/span>\r\n<span style=\"color:#000000;\"><br>viel gr\u00f6\u00dferer Funktionsumfang als in den beiden anderen Versionen<br><\/span><\/div><\/li><li class=\"gw-go-even\" data-row-index=\"3\"><div class=\"gw-go-body-cell\"><\/br>132 Bewertungen<\/br><i style=\"color:#ffae00; font-size:12px;\" class=\"fa fa-star\"><\/i> <i style=\"color:#ffae00; font-size:12px;\" class=\"fa fa-star\"><\/i> <i style=\"color:#ffae00; font-size:12px;\" class=\"fa fa-star\"><\/i> <i style=\"color:#ffae00; font-size:12px;\" class=\"fa fa-star\"><\/i> <i style=\"color:#ffae00; font-size:12px;\" class=\"fa fa-star\"><\/i><\/br><\/br><\/div><\/li><\/ul><div class=\"gw-go-footer-wrap\"><div class=\"gw-go-footer-spacer\"><\/div><div class=\"gw-go-footer\"><div class=\"gw-go-footer-rows\"><div class=\"gw-go-footer-row\" data-row-index=\"0\"><div class=\"gw-go-footer-row-inner\">&nbsp;<\/div><\/div><div class=\"gw-go-footer-row gw-go-even\" data-row-index=\"1\"><div class=\"gw-go-footer-row-inner\"><a href=\"https:\/\/plan7architekt.com\/produkt\/kaufen\/\" class=\"gw-go-btn gw-go-btn-large\"><span class=\"gw-go-btn-inner\">zum Produkt<\/span><\/a><\/div><\/div><\/div><\/div><\/div><\/div><\/div><\/div><\/div><\/div>[\/vc_column_text][\/vc_column][\/vc_row]<\/p>\n<\/section>","protected":false},"excerpt":{"rendered":"<p>[vc_row][vc_column width=&#8221;2\/3&#8243;][vc_column_text] Vord\u00e4cher spielen eine entscheidende Rolle bei der Gestaltung barrierefreier Eing\u00e4nge. Sie bieten nicht nur Schutz vor Witterungseinfl\u00fcssen,&#8230;<\/p>\n","protected":false},"author":584,"featured_media":45781,"comment_status":"closed","ping_status":"closed","sticky":false,"template":"","format":"standard","meta":{"footnotes":""},"categories":[363],"tags":[],"class_list":{"0":"post-42129","1":"post","2":"type-post","3":"status-publish","4":"format-standard","5":"has-post-thumbnail","7":"category-dachplanung"},"yoast_head":"<!-- This site is optimized with the Yoast SEO plugin v27.5 - https:\/\/yoast.com\/product\/yoast-seo-wordpress\/ -->\n<title>Wie gro\u00df sollte ein Vordach sein? - Aufkl\u00e4rung<\/title>\n<meta name=\"robots\" content=\"index, follow, max-snippet:-1, max-image-preview:large, max-video-preview:-1\" \/>\n<link rel=\"canonical\" href=\"https:\/\/plan7architekt.com\/i\/wie-gross-sollte-ein-vordach-sein-aufklaerung-ai52\/\" \/>\n<meta name=\"twitter:label1\" content=\"Geschrieben von\" \/>\n\t<meta name=\"twitter:data1\" content=\"Plan7Architekt Support\" \/>\n\t<meta name=\"twitter:label2\" content=\"Gesch\u00e4tzte Lesezeit\" \/>\n\t<meta name=\"twitter:data2\" content=\"4\u00a0Minuten\" \/>\n<script type=\"application\/ld+json\" class=\"yoast-schema-graph\">{\"@context\":\"https:\\\/\\\/schema.org\",\"@graph\":[{\"@type\":\"Article\",\"@id\":\"https:\\\/\\\/plan7architekt.com\\\/i\\\/wie-gross-sollte-ein-vordach-sein-aufklaerung-ai52\\\/#article\",\"isPartOf\":{\"@id\":\"https:\\\/\\\/plan7architekt.com\\\/i\\\/wie-gross-sollte-ein-vordach-sein-aufklaerung-ai52\\\/\"},\"author\":{\"name\":\"Plan7Architekt Support\",\"@id\":\"https:\\\/\\\/plan7architekt.com\\\/i\\\/#\\\/schema\\\/person\\\/9ab7931240253702d63bf04e4dfe2a64\"},\"headline\":\"Wie gro\u00df sollte ein Vordach sein? &#8211; Aufkl\u00e4rung\",\"datePublished\":\"2024-01-31T06:12:05+00:00\",\"dateModified\":\"2024-10-23T16:01:16+00:00\",\"mainEntityOfPage\":{\"@id\":\"https:\\\/\\\/plan7architekt.com\\\/i\\\/wie-gross-sollte-ein-vordach-sein-aufklaerung-ai52\\\/\"},\"wordCount\":597,\"publisher\":{\"@id\":\"https:\\\/\\\/plan7architekt.com\\\/i\\\/#organization\"},\"image\":{\"@id\":\"https:\\\/\\\/plan7architekt.com\\\/i\\\/wie-gross-sollte-ein-vordach-sein-aufklaerung-ai52\\\/#primaryimage\"},\"thumbnailUrl\":\"https:\\\/\\\/plan7architekt.com\\\/i\\\/wp-content\\\/uploads\\\/2024\\\/01\\\/Im-Plan7Architekt-kann-man-das-Vordach-nach-deutschen-Baustandards-planen.webp\",\"articleSection\":[\"Dachplanung\"],\"inLanguage\":\"de\"},{\"@type\":\"WebPage\",\"@id\":\"https:\\\/\\\/plan7architekt.com\\\/i\\\/wie-gross-sollte-ein-vordach-sein-aufklaerung-ai52\\\/\",\"url\":\"https:\\\/\\\/plan7architekt.com\\\/i\\\/wie-gross-sollte-ein-vordach-sein-aufklaerung-ai52\\\/\",\"name\":\"Wie gro\u00df sollte ein Vordach sein? - Aufkl\u00e4rung\",\"isPartOf\":{\"@id\":\"https:\\\/\\\/plan7architekt.com\\\/i\\\/#website\"},\"primaryImageOfPage\":{\"@id\":\"https:\\\/\\\/plan7architekt.com\\\/i\\\/wie-gross-sollte-ein-vordach-sein-aufklaerung-ai52\\\/#primaryimage\"},\"image\":{\"@id\":\"https:\\\/\\\/plan7architekt.com\\\/i\\\/wie-gross-sollte-ein-vordach-sein-aufklaerung-ai52\\\/#primaryimage\"},\"thumbnailUrl\":\"https:\\\/\\\/plan7architekt.com\\\/i\\\/wp-content\\\/uploads\\\/2024\\\/01\\\/Im-Plan7Architekt-kann-man-das-Vordach-nach-deutschen-Baustandards-planen.webp\",\"breadcrumb\":{\"@id\":\"https:\\\/\\\/plan7architekt.com\\\/i\\\/wie-gross-sollte-ein-vordach-sein-aufklaerung-ai52\\\/#breadcrumb\"},\"inLanguage\":\"de\",\"potentialAction\":[{\"@type\":\"ReadAction\",\"target\":[\"https:\\\/\\\/plan7architekt.com\\\/i\\\/wie-gross-sollte-ein-vordach-sein-aufklaerung-ai52\\\/\"]}]},{\"@type\":\"ImageObject\",\"inLanguage\":\"de\",\"@id\":\"https:\\\/\\\/plan7architekt.com\\\/i\\\/wie-gross-sollte-ein-vordach-sein-aufklaerung-ai52\\\/#primaryimage\",\"url\":\"https:\\\/\\\/plan7architekt.com\\\/i\\\/wp-content\\\/uploads\\\/2024\\\/01\\\/Im-Plan7Architekt-kann-man-das-Vordach-nach-deutschen-Baustandards-planen.webp\",\"contentUrl\":\"https:\\\/\\\/plan7architekt.com\\\/i\\\/wp-content\\\/uploads\\\/2024\\\/01\\\/Im-Plan7Architekt-kann-man-das-Vordach-nach-deutschen-Baustandards-planen.webp\",\"width\":1917,\"height\":1001,\"caption\":\"Im Plan7Architekt kann man das Vordach nach deutschen Baustandards planen\"},{\"@type\":\"BreadcrumbList\",\"@id\":\"https:\\\/\\\/plan7architekt.com\\\/i\\\/wie-gross-sollte-ein-vordach-sein-aufklaerung-ai52\\\/#breadcrumb\",\"itemListElement\":[{\"@type\":\"ListItem\",\"position\":1,\"name\":\"Blog\",\"item\":\"https:\\\/\\\/plan7architekt.com\\\/i\\\/\"},{\"@type\":\"ListItem\",\"position\":2,\"name\":\"Hausplanung\",\"item\":\"https:\\\/\\\/plan7architekt.com\\\/i\\\/category\\\/3dsoftware\\\/\"},{\"@type\":\"ListItem\",\"position\":3,\"name\":\"Dachplanung\",\"item\":\"https:\\\/\\\/plan7architekt.com\\\/i\\\/category\\\/3dsoftware\\\/dachplanung\\\/\"},{\"@type\":\"ListItem\",\"position\":4,\"name\":\"Wie gro\u00df sollte ein Vordach sein? &#8211; Aufkl\u00e4rung\"}]},{\"@type\":\"WebSite\",\"@id\":\"https:\\\/\\\/plan7architekt.com\\\/i\\\/#website\",\"url\":\"https:\\\/\\\/plan7architekt.com\\\/i\\\/\",\"name\":\"Plan7Architekt\",\"description\":\"\",\"publisher\":{\"@id\":\"https:\\\/\\\/plan7architekt.com\\\/i\\\/#organization\"},\"potentialAction\":[{\"@type\":\"SearchAction\",\"target\":{\"@type\":\"EntryPoint\",\"urlTemplate\":\"https:\\\/\\\/plan7architekt.com\\\/i\\\/?s={search_term_string}\"},\"query-input\":{\"@type\":\"PropertyValueSpecification\",\"valueRequired\":true,\"valueName\":\"search_term_string\"}}],\"inLanguage\":\"de\"},{\"@type\":\"Organization\",\"@id\":\"https:\\\/\\\/plan7architekt.com\\\/i\\\/#organization\",\"name\":\"Plan7Architekt\",\"url\":\"https:\\\/\\\/plan7architekt.com\\\/i\\\/\",\"logo\":{\"@type\":\"ImageObject\",\"inLanguage\":\"de\",\"@id\":\"https:\\\/\\\/plan7architekt.com\\\/i\\\/#\\\/schema\\\/logo\\\/image\\\/\",\"url\":\"https:\\\/\\\/plan7architekt.com\\\/i\\\/wp-content\\\/uploads\\\/2018\\\/06\\\/Logo_Plan7architekt-2.jpg\",\"contentUrl\":\"https:\\\/\\\/plan7architekt.com\\\/i\\\/wp-content\\\/uploads\\\/2018\\\/06\\\/Logo_Plan7architekt-2.jpg\",\"width\":395,\"height\":45,\"caption\":\"Plan7Architekt\"},\"image\":{\"@id\":\"https:\\\/\\\/plan7architekt.com\\\/i\\\/#\\\/schema\\\/logo\\\/image\\\/\"},\"sameAs\":[\"https:\\\/\\\/www.facebook.com\\\/people\\\/Plan7Architekt-Architektursoftware\\\/100063592615389\\\/\",\"https:\\\/\\\/www.youtube.com\\\/@plan7architekt\",\"https:\\\/\\\/www.instagram.com\\\/plan7architekt_de\\\/\",\"https:\\\/\\\/www.trustedshops.de\\\/bewertung\\\/info_XC87D0FA41684537E9E0DC3C77C926E32.html\",\"https:\\\/\\\/de.trustpilot.com\\\/review\\\/plan7architekt.com\"]},{\"@type\":\"Person\",\"@id\":\"https:\\\/\\\/plan7architekt.com\\\/i\\\/#\\\/schema\\\/person\\\/9ab7931240253702d63bf04e4dfe2a64\",\"name\":\"Plan7Architekt Support\"}]}<\/script>\n<!-- \/ Yoast SEO plugin. -->","yoast_head_json":{"title":"Wie gro\u00df sollte ein Vordach sein? - Aufkl\u00e4rung","robots":{"index":"index","follow":"follow","max-snippet":"max-snippet:-1","max-image-preview":"max-image-preview:large","max-video-preview":"max-video-preview:-1"},"canonical":"https:\/\/plan7architekt.com\/i\/wie-gross-sollte-ein-vordach-sein-aufklaerung-ai52\/","twitter_misc":{"Geschrieben von":"Plan7Architekt Support","Gesch\u00e4tzte Lesezeit":"4\u00a0Minuten"},"schema":{"@context":"https:\/\/schema.org","@graph":[{"@type":"Article","@id":"https:\/\/plan7architekt.com\/i\/wie-gross-sollte-ein-vordach-sein-aufklaerung-ai52\/#article","isPartOf":{"@id":"https:\/\/plan7architekt.com\/i\/wie-gross-sollte-ein-vordach-sein-aufklaerung-ai52\/"},"author":{"name":"Plan7Architekt Support","@id":"https:\/\/plan7architekt.com\/i\/#\/schema\/person\/9ab7931240253702d63bf04e4dfe2a64"},"headline":"Wie gro\u00df sollte ein Vordach sein? &#8211; Aufkl\u00e4rung","datePublished":"2024-01-31T06:12:05+00:00","dateModified":"2024-10-23T16:01:16+00:00","mainEntityOfPage":{"@id":"https:\/\/plan7architekt.com\/i\/wie-gross-sollte-ein-vordach-sein-aufklaerung-ai52\/"},"wordCount":597,"publisher":{"@id":"https:\/\/plan7architekt.com\/i\/#organization"},"image":{"@id":"https:\/\/plan7architekt.com\/i\/wie-gross-sollte-ein-vordach-sein-aufklaerung-ai52\/#primaryimage"},"thumbnailUrl":"https:\/\/plan7architekt.com\/i\/wp-content\/uploads\/2024\/01\/Im-Plan7Architekt-kann-man-das-Vordach-nach-deutschen-Baustandards-planen.webp","articleSection":["Dachplanung"],"inLanguage":"de"},{"@type":"WebPage","@id":"https:\/\/plan7architekt.com\/i\/wie-gross-sollte-ein-vordach-sein-aufklaerung-ai52\/","url":"https:\/\/plan7architekt.com\/i\/wie-gross-sollte-ein-vordach-sein-aufklaerung-ai52\/","name":"Wie gro\u00df sollte ein Vordach sein? - Aufkl\u00e4rung","isPartOf":{"@id":"https:\/\/plan7architekt.com\/i\/#website"},"primaryImageOfPage":{"@id":"https:\/\/plan7architekt.com\/i\/wie-gross-sollte-ein-vordach-sein-aufklaerung-ai52\/#primaryimage"},"image":{"@id":"https:\/\/plan7architekt.com\/i\/wie-gross-sollte-ein-vordach-sein-aufklaerung-ai52\/#primaryimage"},"thumbnailUrl":"https:\/\/plan7architekt.com\/i\/wp-content\/uploads\/2024\/01\/Im-Plan7Architekt-kann-man-das-Vordach-nach-deutschen-Baustandards-planen.webp","breadcrumb":{"@id":"https:\/\/plan7architekt.com\/i\/wie-gross-sollte-ein-vordach-sein-aufklaerung-ai52\/#breadcrumb"},"inLanguage":"de","potentialAction":[{"@type":"ReadAction","target":["https:\/\/plan7architekt.com\/i\/wie-gross-sollte-ein-vordach-sein-aufklaerung-ai52\/"]}]},{"@type":"ImageObject","inLanguage":"de","@id":"https:\/\/plan7architekt.com\/i\/wie-gross-sollte-ein-vordach-sein-aufklaerung-ai52\/#primaryimage","url":"https:\/\/plan7architekt.com\/i\/wp-content\/uploads\/2024\/01\/Im-Plan7Architekt-kann-man-das-Vordach-nach-deutschen-Baustandards-planen.webp","contentUrl":"https:\/\/plan7architekt.com\/i\/wp-content\/uploads\/2024\/01\/Im-Plan7Architekt-kann-man-das-Vordach-nach-deutschen-Baustandards-planen.webp","width":1917,"height":1001,"caption":"Im Plan7Architekt kann man das Vordach nach deutschen Baustandards planen"},{"@type":"BreadcrumbList","@id":"https:\/\/plan7architekt.com\/i\/wie-gross-sollte-ein-vordach-sein-aufklaerung-ai52\/#breadcrumb","itemListElement":[{"@type":"ListItem","position":1,"name":"Blog","item":"https:\/\/plan7architekt.com\/i\/"},{"@type":"ListItem","position":2,"name":"Hausplanung","item":"https:\/\/plan7architekt.com\/i\/category\/3dsoftware\/"},{"@type":"ListItem","position":3,"name":"Dachplanung","item":"https:\/\/plan7architekt.com\/i\/category\/3dsoftware\/dachplanung\/"},{"@type":"ListItem","position":4,"name":"Wie gro\u00df sollte ein Vordach sein? &#8211; Aufkl\u00e4rung"}]},{"@type":"WebSite","@id":"https:\/\/plan7architekt.com\/i\/#website","url":"https:\/\/plan7architekt.com\/i\/","name":"Plan7Architekt","description":"","publisher":{"@id":"https:\/\/plan7architekt.com\/i\/#organization"},"potentialAction":[{"@type":"SearchAction","target":{"@type":"EntryPoint","urlTemplate":"https:\/\/plan7architekt.com\/i\/?s={search_term_string}"},"query-input":{"@type":"PropertyValueSpecification","valueRequired":true,"valueName":"search_term_string"}}],"inLanguage":"de"},{"@type":"Organization","@id":"https:\/\/plan7architekt.com\/i\/#organization","name":"Plan7Architekt","url":"https:\/\/plan7architekt.com\/i\/","logo":{"@type":"ImageObject","inLanguage":"de","@id":"https:\/\/plan7architekt.com\/i\/#\/schema\/logo\/image\/","url":"https:\/\/plan7architekt.com\/i\/wp-content\/uploads\/2018\/06\/Logo_Plan7architekt-2.jpg","contentUrl":"https:\/\/plan7architekt.com\/i\/wp-content\/uploads\/2018\/06\/Logo_Plan7architekt-2.jpg","width":395,"height":45,"caption":"Plan7Architekt"},"image":{"@id":"https:\/\/plan7architekt.com\/i\/#\/schema\/logo\/image\/"},"sameAs":["https:\/\/www.facebook.com\/people\/Plan7Architekt-Architektursoftware\/100063592615389\/","https:\/\/www.youtube.com\/@plan7architekt","https:\/\/www.instagram.com\/plan7architekt_de\/","https:\/\/www.trustedshops.de\/bewertung\/info_XC87D0FA41684537E9E0DC3C77C926E32.html","https:\/\/de.trustpilot.com\/review\/plan7architekt.com"]},{"@type":"Person","@id":"https:\/\/plan7architekt.com\/i\/#\/schema\/person\/9ab7931240253702d63bf04e4dfe2a64","name":"Plan7Architekt Support"}]}},"_links":{"self":[{"href":"https:\/\/plan7architekt.com\/i\/wp-json\/wp\/v2\/posts\/42129","targetHints":{"allow":["GET"]}}],"collection":[{"href":"https:\/\/plan7architekt.com\/i\/wp-json\/wp\/v2\/posts"}],"about":[{"href":"https:\/\/plan7architekt.com\/i\/wp-json\/wp\/v2\/types\/post"}],"author":[{"embeddable":true,"href":"https:\/\/plan7architekt.com\/i\/wp-json\/wp\/v2\/users\/584"}],"replies":[{"embeddable":true,"href":"https:\/\/plan7architekt.com\/i\/wp-json\/wp\/v2\/comments?post=42129"}],"version-history":[{"count":4,"href":"https:\/\/plan7architekt.com\/i\/wp-json\/wp\/v2\/posts\/42129\/revisions"}],"predecessor-version":[{"id":45782,"href":"https:\/\/plan7architekt.com\/i\/wp-json\/wp\/v2\/posts\/42129\/revisions\/45782"}],"wp:featuredmedia":[{"embeddable":true,"href":"https:\/\/plan7architekt.com\/i\/wp-json\/wp\/v2\/media\/45781"}],"wp:attachment":[{"href":"https:\/\/plan7architekt.com\/i\/wp-json\/wp\/v2\/media?parent=42129"}],"wp:term":[{"taxonomy":"category","embeddable":true,"href":"https:\/\/plan7architekt.com\/i\/wp-json\/wp\/v2\/categories?post=42129"},{"taxonomy":"post_tag","embeddable":true,"href":"https:\/\/plan7architekt.com\/i\/wp-json\/wp\/v2\/tags?post=42129"}],"curies":[{"name":"wp","href":"https:\/\/api.w.org\/{rel}","templated":true}]}}