{"id":41477,"date":"2024-01-08T18:03:33","date_gmt":"2024-01-08T17:03:33","guid":{"rendered":"https:\/\/plan7architekt.com\/i\/?p=41477"},"modified":"2024-10-23T17:43:30","modified_gmt":"2024-10-23T16:43:30","slug":"wann-gilt-ein-keller-als-wohnraum-aufklaerung-ai5","status":"publish","type":"post","link":"https:\/\/plan7architekt.com\/i\/wann-gilt-ein-keller-als-wohnraum-aufklaerung-ai5\/","title":{"rendered":"Wann gilt ein Keller als Wohnraum? &#8211; Aufkl\u00e4rung"},"content":{"rendered":"<section class=\"wpb-content-wrapper\"><p>[vc_row][vc_column width=&#8221;2\/3&#8243;][vc_column_text]Ein <a class=\"wpil_keyword_link\" title=\"Keller\" href=\"https:\/\/plan7architekt.com\/i\/braucht-man-einen-keller-vorteile-nachteile-kosten-rechenbeispiele-tz2\/\" data-wpil-keyword-link=\"linked\">Keller<\/a> gilt als Wohnraum, wenn er die Anforderungen an einen Aufenthaltsraum erf\u00fcllt. Diese Anforderungen sind in den Landesbauverordnungen festgelegt und umfassen Kriterien wie die Deckenh\u00f6he, die Beleuchtung mit Tageslicht und die Bel\u00fcftung des Raumes. Es ist wichtig zu verstehen, dass nicht jeder Keller automatisch als Wohnraum genutzt werden kann. Die Umwandlung eines Kellers in einen Wohnraum erfordert oft umfangreiche Umbauten und Anpassungen, um den baurechtlichen Vorgaben gerecht zu werden.<\/p>\n<figure id=\"attachment_45682\" aria-describedby=\"caption-attachment-45682\" style=\"width: 2557px\" class=\"wp-caption alignnone\"><img decoding=\"async\" class=\"wp-image-45682 size-full\" src=\"https:\/\/plan7architekt.com\/i\/wp-content\/uploads\/2024\/06\/Mit-dem-Plan7Architekt-koennen-Sie-Ihren-Keller-und-das-gesamte-Haus-virtuell-planen.webp\" alt=\"Mit dem Plan7Architekt k\u00f6nnen Sie Ihren Keller und das gesamte Haus virtuell planen\" width=\"2557\" height=\"1328\" srcset=\"https:\/\/plan7architekt.com\/i\/wp-content\/uploads\/2024\/06\/Mit-dem-Plan7Architekt-koennen-Sie-Ihren-Keller-und-das-gesamte-Haus-virtuell-planen.webp 2557w, https:\/\/plan7architekt.com\/i\/wp-content\/uploads\/2024\/06\/Mit-dem-Plan7Architekt-koennen-Sie-Ihren-Keller-und-das-gesamte-Haus-virtuell-planen-300x156.webp 300w, https:\/\/plan7architekt.com\/i\/wp-content\/uploads\/2024\/06\/Mit-dem-Plan7Architekt-koennen-Sie-Ihren-Keller-und-das-gesamte-Haus-virtuell-planen-1024x532.webp 1024w, https:\/\/plan7architekt.com\/i\/wp-content\/uploads\/2024\/06\/Mit-dem-Plan7Architekt-koennen-Sie-Ihren-Keller-und-das-gesamte-Haus-virtuell-planen-768x399.webp 768w, https:\/\/plan7architekt.com\/i\/wp-content\/uploads\/2024\/06\/Mit-dem-Plan7Architekt-koennen-Sie-Ihren-Keller-und-das-gesamte-Haus-virtuell-planen-1536x798.webp 1536w, https:\/\/plan7architekt.com\/i\/wp-content\/uploads\/2024\/06\/Mit-dem-Plan7Architekt-koennen-Sie-Ihren-Keller-und-das-gesamte-Haus-virtuell-planen-2048x1064.webp 2048w\" sizes=\"(max-width: 2557px) 100vw, 2557px\" \/><figcaption id=\"caption-attachment-45682\" class=\"wp-caption-text\">Mit dem Plan7Architekt k\u00f6nnen Sie Ihren Keller und das gesamte Haus virtuell planen<\/figcaption><\/figure>\n<h3>Definition der Begriffe<\/h3>\n<h4>Aufenthaltsraum<\/h4>\n<p>Ein Aufenthaltsraum ist definiert als ein Raum innerhalb einer Wohnung oder eines Geb\u00e4udes, der f\u00fcr einen l\u00e4ngeren Aufenthalt geeignet ist. Dies bedeutet, dass der Raum die grundlegenden Anforderungen an Wohnkomfort und Sicherheit erf\u00fcllen muss. Dazu geh\u00f6ren Aspekte wie eine ausreichende Deckenh\u00f6he, die M\u00f6glichkeit der nat\u00fcrlichen Beleuchtung durch Tageslicht und eine angemessene Bel\u00fcftung. Diese Kriterien stellen sicher, dass der Raum nicht nur f\u00fcr vor\u00fcbergehende Aktivit\u00e4ten, sondern auch f\u00fcr den dauerhaften Aufenthalt geeignet ist.<\/p>\n<h4>Wohnraum<\/h4>\n<p>Unter Wohnraum versteht man spezifischer die R\u00e4ume in einem Geb\u00e4ude, die f\u00fcr allt\u00e4gliche Wohnaktivit\u00e4ten wie Schlafen, Arbeiten, Kochen oder Freizeitgestaltung genutzt werden. Dies schlie\u00dft Schlafzimmer, Wohnzimmer, B\u00fcros und \u00e4hnliche R\u00e4ume ein. Nicht als Wohnraum gelten hingegen Nebenr\u00e4ume wie Lager- oder Abstellr\u00e4ume, Sanit\u00e4rr\u00e4ume sowie Flure und Treppenh\u00e4user. Die Unterscheidung zwischen Aufenthalts- und Wohnraum ist entscheidend, da sie die Nutzungsm\u00f6glichkeiten und baurechtlichen Anforderungen eines Raumes bestimmt.<\/p>\n<figure id=\"attachment_45865\" aria-describedby=\"caption-attachment-45865\" style=\"width: 2557px\" class=\"wp-caption alignnone\"><img decoding=\"async\" class=\"wp-image-45865 size-full\" src=\"https:\/\/plan7architekt.com\/i\/wp-content\/uploads\/2024\/01\/Planen-Sie-den-Keller-sowohl-in-2D-als-auch-in-3D.webp\" alt=\"Planen Sie den Keller sowohl in 2D als auch in 3D\" width=\"2557\" height=\"1328\" srcset=\"https:\/\/plan7architekt.com\/i\/wp-content\/uploads\/2024\/01\/Planen-Sie-den-Keller-sowohl-in-2D-als-auch-in-3D.webp 2557w, https:\/\/plan7architekt.com\/i\/wp-content\/uploads\/2024\/01\/Planen-Sie-den-Keller-sowohl-in-2D-als-auch-in-3D-300x156.webp 300w, https:\/\/plan7architekt.com\/i\/wp-content\/uploads\/2024\/01\/Planen-Sie-den-Keller-sowohl-in-2D-als-auch-in-3D-1024x532.webp 1024w, https:\/\/plan7architekt.com\/i\/wp-content\/uploads\/2024\/01\/Planen-Sie-den-Keller-sowohl-in-2D-als-auch-in-3D-768x399.webp 768w, https:\/\/plan7architekt.com\/i\/wp-content\/uploads\/2024\/01\/Planen-Sie-den-Keller-sowohl-in-2D-als-auch-in-3D-1536x798.webp 1536w, https:\/\/plan7architekt.com\/i\/wp-content\/uploads\/2024\/01\/Planen-Sie-den-Keller-sowohl-in-2D-als-auch-in-3D-2048x1064.webp 2048w\" sizes=\"(max-width: 2557px) 100vw, 2557px\" \/><figcaption id=\"caption-attachment-45865\" class=\"wp-caption-text\">Planen Sie den Keller sowohl in 2D als auch in 3D<\/figcaption><\/figure>\n<h2>Drei essentielle Faktoren f\u00fcr die Klassifizierung als Wohnraum<\/h2>\n<p>Die Umwandlung eines Kellers in einen bewohnbaren Wohnraum h\u00e4ngt von der Erf\u00fcllung dreier wesentlicher Faktoren ab. Diese Faktoren sind in den Landesbauordnungen festgelegt und m\u00fcssen sorgf\u00e4ltig ber\u00fccksichtigt werden, um einen Keller rechtlich als Wohnraum nutzen zu k\u00f6nnen.<\/p>\n<h3>Deckenh\u00f6he<\/h3>\n<p>Die Deckenh\u00f6he ist ein entscheidender Faktor, der bestimmt, ob ein Keller als Aufenthaltsraum und damit als Wohnraum geeignet ist. Die vorgeschriebene Mindesth\u00f6he variiert je nach Bundesland. In den meisten F\u00e4llen wird eine Deckenh\u00f6he von mindestens 2,40 Metern gefordert. Es gibt jedoch Ausnahmen: So verlangt beispielsweise Berlin eine Mindestdeckenh\u00f6he von 2,50 Metern, w\u00e4hrend in Nordrhein-Westfalen und Hessen f\u00fcr Kellergeschosse eine Mindesth\u00f6he von 2,20 Metern ausreichend ist. Diese regionalen Unterschiede m\u00fcssen bei der Planung eines Kellerausbaus ber\u00fccksichtigt werden. Sollte die vorhandene Deckenh\u00f6he nicht den Anforderungen entsprechen, sind umfangreiche Umbauarbeiten notwendig, um die Decke zu erh\u00f6hen.<\/p>\n<h3>Fenster<\/h3>\n<p>Ein weiterer wichtiger Aspekt sind die Fenster. Sie spielen eine entscheidende Rolle bei der Bereitstellung von nat\u00fcrlichem Tageslicht und sind somit ein wesentliches Kriterium f\u00fcr die Klassifizierung eines Raumes als Wohnraum. Die Fensterfl\u00e4che muss zwischen 10 und 12,5 Prozent der Grundfl\u00e4che des Raumes betragen. Diese Anforderung variiert ebenfalls je nach Bundesland. In einigen Regionen, wie Niedersachsen und Rheinland-Pfalz, gibt es spezifische Vorgaben zur Gr\u00f6\u00dfe der Fenster. Die Fenster m\u00fcssen nicht nur ausreichend gro\u00df sein, um gen\u00fcgend Licht zu liefern, sondern auch so beschaffen sein, dass sie ge\u00f6ffnet werden k\u00f6nnen, um eine angemessene Bel\u00fcftung zu gew\u00e4hrleisten.<\/p>\n<h3>Heizung<\/h3>\n<p>Der dritte wesentliche Faktor ist die Heizung. Um als Wohnraum zu gelten, muss der Raum angemessen beheizt werden k\u00f6nnen. Dies bedeutet, dass jeder Wohnraum individuell mit Heizk\u00f6rpern ausgestattet sein muss, um eine komfortable und gleichm\u00e4\u00dfige Temperatur zu gew\u00e4hrleisten. Die Heizung ist besonders in Kellerr\u00e4umen wichtig, da diese oft k\u00fchler sind als andere Teile des Hauses. Eine angemessene Heizung tr\u00e4gt nicht nur zum Komfort bei, sondern verhindert auch Feuchtigkeitsprobleme, die in Kellerr\u00e4umen h\u00e4ufig auftreten.<\/p>\n<figure id=\"attachment_41354\" aria-describedby=\"caption-attachment-41354\" style=\"width: 2559px\" class=\"wp-caption aligncenter\"><img decoding=\"async\" class=\"size-full wp-image-41354\" src=\"https:\/\/plan7architekt.com\/i\/wp-content\/uploads\/2023\/12\/Dieses-Haus-mit-Kriechkeller-wurde-mit-dem-Plan7Architekt-geplant.png\" alt=\"Dieses Haus mit Kriechkeller wurde mit dem Plan7Architekt geplant\" width=\"2559\" height=\"1329\" srcset=\"https:\/\/plan7architekt.com\/i\/wp-content\/uploads\/2023\/12\/Dieses-Haus-mit-Kriechkeller-wurde-mit-dem-Plan7Architekt-geplant.png 2559w, https:\/\/plan7architekt.com\/i\/wp-content\/uploads\/2023\/12\/Dieses-Haus-mit-Kriechkeller-wurde-mit-dem-Plan7Architekt-geplant-300x156.png 300w, https:\/\/plan7architekt.com\/i\/wp-content\/uploads\/2023\/12\/Dieses-Haus-mit-Kriechkeller-wurde-mit-dem-Plan7Architekt-geplant-1024x532.png 1024w, https:\/\/plan7architekt.com\/i\/wp-content\/uploads\/2023\/12\/Dieses-Haus-mit-Kriechkeller-wurde-mit-dem-Plan7Architekt-geplant-768x399.png 768w, https:\/\/plan7architekt.com\/i\/wp-content\/uploads\/2023\/12\/Dieses-Haus-mit-Kriechkeller-wurde-mit-dem-Plan7Architekt-geplant-1536x798.png 1536w, https:\/\/plan7architekt.com\/i\/wp-content\/uploads\/2023\/12\/Dieses-Haus-mit-Kriechkeller-wurde-mit-dem-Plan7Architekt-geplant-2048x1064.png 2048w\" sizes=\"(max-width: 2559px) 100vw, 2559px\" \/><figcaption id=\"caption-attachment-41354\" class=\"wp-caption-text\">Dieses Haus mit Kriechkeller wurde mit dem Plan7Architekt geplant<\/figcaption><\/figure>\n<h2>Weitere relevante Aspekte<\/h2>\n<p>Neben den drei essentiellen Faktoren \u2013 Deckenh\u00f6he, Fenster und Heizung \u2013 gibt es weitere wichtige Aspekte, die bei der Umwandlung eines Kellers in Wohnraum ber\u00fccksichtigt werden m\u00fcssen. Diese zus\u00e4tzlichen Punkte spielen eine entscheidende Rolle, um sicherzustellen, dass der ausgebaute Keller nicht nur den baurechtlichen Anforderungen entspricht, sondern auch ein angenehmes und sicheres Wohnumfeld bietet.<\/p>\n<h3>Genehmigungsfreier Ausbau und Eigennutzung<\/h3>\n<p>Interessanterweise ist der Ausbau eines Kellers in vielen F\u00e4llen genehmigungsfrei, vorausgesetzt, die drei Hauptfaktoren sind erf\u00fcllt und der Wohnraum bleibt in Eigennutzung. Dies bedeutet, dass Hausbesitzer ihren Keller ohne umfangreiche b\u00fcrokratische H\u00fcrden in zus\u00e4tzlichen Wohnraum umwandeln k\u00f6nnen. Allerdings ist es wichtig, sich vor Beginn der Bauarbeiten \u00fcber die spezifischen Vorschriften in der jeweiligen Region zu informieren. Sollte der ausgebaute Keller als Einliegerwohnung genutzt oder sollten umfangreiche Eingriffe in die Statik des Geb\u00e4udes vorgenommen werden, ist in der Regel eine Baugenehmigung erforderlich.<\/p>\n<h3>Trockenheit und Abdichtung der Au\u00dfenw\u00e4nde<\/h3>\n<p>Ein weiterer wichtiger Aspekt ist die Trockenheit der Au\u00dfenw\u00e4nde. Kellerr\u00e4ume sind oft anf\u00e4llig f\u00fcr Feuchtigkeit, was nicht nur den Wohnkomfort beeintr\u00e4chtigt, sondern auch zu Schimmelbildung und anderen Bausch\u00e4den f\u00fchren kann. Daher ist es entscheidend, dass die Au\u00dfenw\u00e4nde des Kellers trocken sind und bleiben. Dies kann durch verschiedene Methoden der Abdichtung erreicht werden, die entweder von innen oder von au\u00dfen angewendet werden. Die Wahl der richtigen Abdichtungsmethode h\u00e4ngt von verschiedenen Faktoren ab, wie der Beschaffenheit des Bodens und der vorhandenen Bausubstanz.<\/p>\n<h3>Spezielle Anforderungen an die Fenster<\/h3>\n<p>In einigen Bundesl\u00e4ndern gibt es spezielle Anforderungen an die Fenster in Kellerr\u00e4umen. Beispielsweise m\u00fcssen in Schleswig-Holstein, Niedersachsen, Rheinland-Pfalz und dem Saarland die Fenster im Kellerausbau sich h\u00f6chstens 0,70 Meter \u00fcber dem Kellerfu\u00dfboden befinden. In Baden-W\u00fcrttemberg muss die Oberkante der Fensterbr\u00fcstung 1,30 Meter unterhalb der Deckenunterkante liegen. Diese regionalen Vorschriften sind bei der Planung und Umsetzung des Kellerausbaus zu beachten, um den rechtlichen Anforderungen gerecht zu werden.<br \/>\n[\/vc_column_text][vc_message]<\/p>\n<h2>Keller als Wohnraum planen mit Plan7Architekt<\/h2>\n<p>Mit Plan7Architekt gestalten Sie Kellerpl\u00e4ne so, dass diese als Wohnraum nutzbar werden, wenn sie bestimmte Kriterien wie Raumh\u00f6he und Belichtung erf\u00fcllen. Die Software bietet detaillierte 2D- und 3D-Planungsfunktionen, perfekt f\u00fcr eine professionelle Planung von Umnutzungen. Zudem genie\u00dfen Sie ein 14-t\u00e4giges Widerrufsrecht und k\u00f6nnen den Kauf risikofrei per E-Mail stornieren. Testen Sie Plan7Architekt und planen Sie Ihren Keller als attraktiven Wohnraum![\/vc_message]<div class=\"gem-youtube gem-wrapbox gem-wrapbox-style-no-style rounded-corners gem-wrapbox-position-below\" style=\"width: 100%;\"><div class=\"gem-wrapbox-inner gem-ratio-style\" style=\"padding-top: 56.25%\"><iframe class=\"gem-wrapbox-element img-responsive\" width=\"100%\" height=\"300\" allowfullscreen=\"allowfullscreen\" frameborder=\"0\" scrolling=\"no\" marginheight=\"0\" marginwidth=\"0\" src=\"\/\/www.youtube.com\/embed\/pNn55Zf_Qxs?rel=0&amp;wmode=opaque\"><\/iframe><\/div><\/div>[\/vc_column][vc_column width=&#8221;1\/3&#8243; css=&#8221;.vc_custom_1705131079263{background-color: #23262d !important;border-radius: 35px !important;}&#8221;][vc_widget_sidebar sidebar_id=&#8221;cs-2&#8243;][\/vc_column][\/vc_row][vc_row][vc_column][vc_column_text]<\/p>\n<h2>Die 3 Plan7Architekten<\/h2>\n<p><style type=\"text\/css\">@import url(\/\/fonts.googleapis.com\/css?family=Raleway:400);@import url(https:\/\/plan7architekt.com\/i\/wp-content\/plugins\/go_pricing\/assets\/lib\/font_awesome\/css\/font-awesome.min.css); #go-pricing-table-38664 .gw-go { margin-left:-50px; } #go-pricing-table-38664 .gw-go-col { margin-left:50px; } #go-pricing-table-38664 .gw-go-col-wrap { min-width:130px; } #go-pricing-table-38664 .gw-go-col-inner { border-radius:0 0 0 0; } #go-pricing-table-38664 .gw-go-tooltip-content { background-color:#333333;color:#ffffff; } #go-pricing-table-38664 .gw-go-tooltip:before { border-top-color:#333333; } #go-pricing-table-38664 .gw-go-col-wrap-0.gw-go-hover .gw-go-header-top { background-color:#2089c8; } #go-pricing-table-38664 .gw-go-col-wrap-0 .gw-go-price-wrap span, #go-pricing-table-38664 .gw-go-col-wrap-0 .gw-go-coinf div, #go-pricing-table-38664 .gw-go-col-wrap-0 .gw-go-coinb div { color:#2089c8; } #go-pricing-table-38664 .gw-go-col-wrap-0 .gw-go-body li[data-row-index=\"0\"] { font-size:28px !important; line-height:70px !important; } #go-pricing-table-38664 .gw-go-col-wrap-0 .gw-go-body li[data-row-index=\"1\"] { font-size:18px !important; line-height:24px !important; font-family:Raleway, sans-serif !important; } #go-pricing-table-38664 .gw-go-col-wrap-0 .gw-go-body li[data-row-index=\"2\"] { font-size:18px !important; line-height:24px !important; font-family:Raleway, sans-serif !important; } #go-pricing-table-38664 .gw-go-col-wrap-0 .gw-go-body li[data-row-index=\"3\"] { font-size:14px !important; line-height:16px !important; } #go-pricing-table-38664 .gw-go-col-wrap-0 .gw-go-footer-row[data-row-index=\"0\"]  { font-size:12px !important; line-height:16px !important; } #go-pricing-table-38664 .gw-go-col-wrap-0 .gw-go-footer-row[data-row-index=\"1\"]  .gw-go-btn { font-size:14px !important; } #go-pricing-table-38664 .gw-go-col-wrap-0 .gw-go-footer-row[data-row-index=\"1\"] .gw-go-btn { background-color:#00bcd4 !important; } #go-pricing-table-38664 .gw-go-col-wrap-1.gw-go-hover .gw-go-header-top { background-color:#2089c8; } #go-pricing-table-38664 .gw-go-col-wrap-1 .gw-go-price-wrap span, #go-pricing-table-38664 .gw-go-col-wrap-1 .gw-go-coinf div, #go-pricing-table-38664 .gw-go-col-wrap-1 .gw-go-coinb div { color:#2089c8; } #go-pricing-table-38664 .gw-go-col-wrap-1 .gw-go-body li[data-row-index=\"0\"] { font-size:28px !important; line-height:70px !important; } #go-pricing-table-38664 .gw-go-col-wrap-1 .gw-go-body li[data-row-index=\"1\"] { font-size:18px !important; line-height:24px !important; font-family:Raleway, sans-serif !important; } #go-pricing-table-38664 .gw-go-col-wrap-1 .gw-go-body li[data-row-index=\"2\"] { font-size:18px !important; line-height:24px !important; font-family:Raleway, sans-serif !important; } #go-pricing-table-38664 .gw-go-col-wrap-1 .gw-go-body li[data-row-index=\"3\"] { font-size:14px !important; line-height:16px !important; } #go-pricing-table-38664 .gw-go-col-wrap-1 .gw-go-footer-row[data-row-index=\"0\"]  { font-size:13px !important; line-height:16px !important; } #go-pricing-table-38664 .gw-go-col-wrap-1 .gw-go-footer-row[data-row-index=\"1\"]  .gw-go-btn { font-size:14px !important; } #go-pricing-table-38664 .gw-go-col-wrap-1 .gw-go-footer-row[data-row-index=\"1\"] .gw-go-btn { background-color:#00bcd4 !important; } #go-pricing-table-38664 .gw-go-col-wrap-2.gw-go-hover .gw-go-header-top { background-color:#2089c8; } #go-pricing-table-38664 .gw-go-col-wrap-2 .gw-go-price-wrap span, #go-pricing-table-38664 .gw-go-col-wrap-2 .gw-go-coinf div, #go-pricing-table-38664 .gw-go-col-wrap-2 .gw-go-coinb div { color:#2089c8; } #go-pricing-table-38664 .gw-go-col-wrap-2 .gw-go-body li[data-row-index=\"0\"] { font-size:28px !important; line-height:70px !important; } #go-pricing-table-38664 .gw-go-col-wrap-2 .gw-go-body li[data-row-index=\"1\"] { font-size:18px !important; line-height:24px !important; font-family:Raleway, sans-serif !important; } #go-pricing-table-38664 .gw-go-col-wrap-2 .gw-go-body li[data-row-index=\"2\"] { font-size:18px !important; line-height:24px !important; font-family:Raleway, sans-serif !important; } #go-pricing-table-38664 .gw-go-col-wrap-2 .gw-go-body li[data-row-index=\"3\"] { font-size:14px !important; line-height:16px !important; } #go-pricing-table-38664 .gw-go-col-wrap-2 .gw-go-footer-row[data-row-index=\"0\"]  { font-size:12px !important; line-height:16px !important; } #go-pricing-table-38664 .gw-go-col-wrap-2 .gw-go-footer-row[data-row-index=\"1\"]  .gw-go-btn { font-size:14px !important; } #go-pricing-table-38664 .gw-go-col-wrap-2 .gw-go-footer-row[data-row-index=\"1\"] .gw-go-btn { background-color:#00bcd4 !important; } #go-pricing-table-38664 .gw-go { visibility:inherit; }<\/style><style>@media only screen and (min-width: 480px) and (max-width: 767px) { #go-pricing-table-38664 .gw-go-col-wrap { width:50%; } }<\/style><style>@media only screen and (min-width: 480px) and (max-width: 767px) { .gw-go-tooltip { left:50% !important; right:auto !important; transform: translateX(-50%) !important; margin-left:0!important; } .gw-go-tooltip-content:before { right:auto !important; left:50% !important; margin-left:-6px !important; } }<\/style><style>@media only screen and (max-width: 479px) { #go-pricing-table-38664 .gw-go-col-wrap { width:100%; } }<\/style><style>@media only screen and (max-width: 479px) { .gw-go-tooltip { left:50% !important; right:auto !important; transform: translateX(-50%) !important; margin-left:0!important; } .gw-go-tooltip-content:before { right:auto !important; left:50% !important; margin-left:-6px !important; } }<\/style><div id=\"go-pricing-table-38664\" class=\"go-pricing\" style=\"margin-bottom:20px;\"><div class=\"gw-go gw-go-clearfix gw-go-enlarge-current gw-go-3cols\" data-id=\"38664\" data-colnum=\"3\" data-equalize=\"{&quot;body&quot;:&quot;1&quot;,&quot;footer&quot;:&quot;1&quot;}\" data-views=\"{&quot;tp&quot;:{&quot;min&quot;:&quot;768&quot;,&quot;max&quot;:&quot;959&quot;,&quot;cols&quot;:&quot;&quot;},&quot;ml&quot;:{&quot;min&quot;:&quot;480&quot;,&quot;max&quot;:&quot;767&quot;,&quot;cols&quot;:&quot;2&quot;},&quot;mp&quot;:{&quot;min&quot;:&quot;&quot;,&quot;max&quot;:&quot;479&quot;,&quot;cols&quot;:&quot;1&quot;}}\"><div class=\"gw-go-col-wrap gw-go-col-wrap-0 gw-go-hover gw-go-disable-enlarge gw-go-disable-hover\" data-current=\"1\" data-col-index=\"0\"><div class=\"gw-go-col gw-go-clean-style1\"><div class=\"gw-go-col-inner\"><div class=\"gw-go-col-inner-layer\"><\/div><div class=\"gw-go-col-inner-layer-over\"><\/div><div class=\"gw-go-header gw-go-header-standard\"><a href=\"https:\/\/plan7architekt.com\/produkt\/basic\/?v=5f02f0889301\"><img decoding=\"async\" class=\"aligncenter wp-image-47113 size-full\" src=\"https:\/\/plan7architekt.com\/i\/wp-content\/uploads\/2025\/07\/Plan7Architekt-Basic-6.png\" alt=\"\" width=\"765\" height=\"900\" srcset=\"https:\/\/plan7architekt.com\/i\/wp-content\/uploads\/2025\/07\/Plan7Architekt-Basic-6.png 765w, https:\/\/plan7architekt.com\/i\/wp-content\/uploads\/2025\/07\/Plan7Architekt-Basic-6-255x300.png 255w, https:\/\/plan7architekt.com\/i\/wp-content\/uploads\/2025\/07\/Plan7Architekt-Basic-6-500x588.png 500w, https:\/\/plan7architekt.com\/i\/wp-content\/uploads\/2025\/07\/Plan7Architekt-Basic-6-700x824.png 700w\" sizes=\"(max-width: 765px) 100vw, 765px\" \/><\/a><\/div><ul class=\"gw-go-body\"><li data-row-index=\"0\"><div class=\"gw-go-body-cell\"><span style=\"color:#2089c8;\">79.99\u20ac<\/span><\/div><\/li><li class=\"gw-go-even\" data-row-index=\"1\"><div class=\"gw-go-body-cell\">(Letztes Update: Februar 2025)<\/div><\/li><li data-row-index=\"2\"><div class=\"gw-go-body-cell\"><span style=\"color:#000000;\"><br>Geeignet f\u00fcr kleine Hobby-Projekte<br><\/span>\r\n<span style=\"color:#000000;\"><br>keine Gartenplanung und nur eine eingeschr\u00e4nkte Grundrisserstellung mit wenigen Wandarten<br><\/span><\/div><\/li><li class=\"gw-go-even\" data-row-index=\"3\"><div class=\"gw-go-body-cell\"><\/br>17 Bewertungen<\/br><i style=\"color:#ffae00; font-size:12px;\" class=\"fa fa-star\"><\/i> <i style=\"color:#ffae00; font-size:12px;\" class=\"fa fa-star\"><\/i> <i style=\"color:#ffae00; font-size:12px;\" class=\"fa fa-star\"><\/i> <i style=\"color:#ffae00; font-size:12px;\" class=\"fa fa-star\"><\/i> <i style=\"color:#838383; font-size:12px;\" class=\"fa fa-star-o\"><\/i><\/br><\/br><\/div><\/li><\/ul><div class=\"gw-go-footer-wrap\"><div class=\"gw-go-footer-spacer\"><\/div><div class=\"gw-go-footer\"><div class=\"gw-go-footer-rows\"><div class=\"gw-go-footer-row\" data-row-index=\"0\"><div class=\"gw-go-footer-row-inner\">&nbsp;<\/div><\/div><div class=\"gw-go-footer-row gw-go-even\" data-row-index=\"1\"><div class=\"gw-go-footer-row-inner\"><a href=\"https:\/\/plan7architekt.com\/produkt\/basic\/\" class=\"gw-go-btn gw-go-btn-large\"><span class=\"gw-go-btn-inner\">zum Produkt<\/span><\/a><\/div><\/div><\/div><\/div><\/div><\/div><\/div><\/div><div class=\"gw-go-col-wrap gw-go-col-wrap-1 gw-go-hover gw-go-disable-enlarge gw-go-disable-hover\" data-current=\"1\" data-col-index=\"1\"><div class=\"gw-go-col gw-go-clean-style1\"><div class=\"gw-go-col-inner\"><div class=\"gw-go-col-inner-layer\"><\/div><div class=\"gw-go-col-inner-layer-over\"><\/div><div class=\"gw-go-header gw-go-header-standard\"><a href=\"https:\/\/plan7architekt.com\/produkt\/expert\/\"><img decoding=\"async\" class=\"aligncenter wp-image-47112 size-full\" src=\"https:\/\/plan7architekt.com\/i\/wp-content\/uploads\/2025\/07\/Plan7Architekt-Expert-4.png\" alt=\"\" width=\"765\" height=\"900\" srcset=\"https:\/\/plan7architekt.com\/i\/wp-content\/uploads\/2025\/07\/Plan7Architekt-Expert-4.png 765w, https:\/\/plan7architekt.com\/i\/wp-content\/uploads\/2025\/07\/Plan7Architekt-Expert-4-255x300.png 255w, https:\/\/plan7architekt.com\/i\/wp-content\/uploads\/2025\/07\/Plan7Architekt-Expert-4-500x588.png 500w, https:\/\/plan7architekt.com\/i\/wp-content\/uploads\/2025\/07\/Plan7Architekt-Expert-4-700x824.png 700w\" sizes=\"(max-width: 765px) 100vw, 765px\" \/><\/a><\/div><ul class=\"gw-go-body\"><li data-row-index=\"0\"><div class=\"gw-go-body-cell\"><span style=\"color:#2089c8;\">99,99\u20ac<\/span><\/div><\/li><li class=\"gw-go-even\" data-row-index=\"1\"><div class=\"gw-go-body-cell\">(Letztes Update: Februar 2025)<\/div><\/li><li data-row-index=\"2\"><div class=\"gw-go-body-cell\"><span style=\"color:#000000;\"><br>f\u00fcr mittelgro\u00dfe Projekte<br><\/span>\r\n<span style=\"color:#000000;\"><br>uneingeschr\u00e4nkte Grundrisserstellung & Gartenplanung<br><\/span>\r\n<span style=\"color:#000000;\"><br>keine Exportm\u00f6glichkeiten an den Architekten und keine Planerstellung f\u00fcr den Bauantrag<br><\/span><\/div><\/li><li class=\"gw-go-even\" data-row-index=\"3\"><div class=\"gw-go-body-cell\"><\/br>35 Bewertungen<\/br><i style=\"color:#ffae00; font-size:12px;\" class=\"fa fa-star\"><\/i> <i style=\"color:#ffae00; font-size:12px;\" class=\"fa fa-star\"><\/i> <i style=\"color:#ffae00; font-size:12px;\" class=\"fa fa-star\"><\/i> <i style=\"color:#ffae00; font-size:12px;\" class=\"fa fa-star\"><\/i> <i style=\"color:#838383; font-size:12px;\" class=\"fa fa-star-o\"><\/i><\/br><\/br><\/div><\/li><\/ul><div class=\"gw-go-footer-wrap\"><div class=\"gw-go-footer-spacer\"><\/div><div class=\"gw-go-footer\"><div class=\"gw-go-footer-rows\"><div class=\"gw-go-footer-row\" data-row-index=\"0\"><div class=\"gw-go-footer-row-inner\"><span style=\"color:#9d9d9d; text-decoration: line-through !important;\"><\/span><\/div><\/div><div class=\"gw-go-footer-row gw-go-even\" data-row-index=\"1\"><div class=\"gw-go-footer-row-inner\"><a href=\"https:\/\/plan7architekt.com\/produkt\/expert\/\" class=\"gw-go-btn gw-go-btn-large\"><span class=\"gw-go-btn-inner\">zum Produkt<\/span><\/a><\/div><\/div><\/div><\/div><\/div><\/div><\/div><\/div><div class=\"gw-go-col-wrap gw-go-col-wrap-2 gw-go-hover gw-go-disable-enlarge gw-go-disable-hover\" data-current=\"1\" data-col-index=\"2\"><div class=\"gw-go-col gw-go-clean-style1\"><div class=\"gw-go-col-inner\"><div class=\"gw-go-col-inner-layer\"><\/div><div class=\"gw-go-col-inner-layer-over\"><\/div><div class=\"gw-go-ribbon-text gw-go-ribbon-shadow gw-go-ribbon-left\"><span style=\"color:#ffffff; background-color:#00a4f9; font-weight:bold !important;\">BESTSELLER<\/span><\/div><div class=\"gw-go-header gw-go-header-standard\"><a href=\"https:\/\/plan7architekt.com\/produkt\/kaufen\/\"><img decoding=\"async\" class=\"aligncenter wp-image-47114 size-full\" src=\"https:\/\/plan7architekt.com\/i\/wp-content\/uploads\/2025\/07\/Plan7Architekt-Pro-4.png\" alt=\"\" width=\"765\" height=\"900\" srcset=\"https:\/\/plan7architekt.com\/i\/wp-content\/uploads\/2025\/07\/Plan7Architekt-Pro-4.png 765w, https:\/\/plan7architekt.com\/i\/wp-content\/uploads\/2025\/07\/Plan7Architekt-Pro-4-255x300.png 255w, https:\/\/plan7architekt.com\/i\/wp-content\/uploads\/2025\/07\/Plan7Architekt-Pro-4-500x588.png 500w, https:\/\/plan7architekt.com\/i\/wp-content\/uploads\/2025\/07\/Plan7Architekt-Pro-4-700x824.png 700w\" sizes=\"(max-width: 765px) 100vw, 765px\" \/><\/a><\/div><ul class=\"gw-go-body\"><li data-row-index=\"0\"><div class=\"gw-go-body-cell\"><span style=\"color:#2089c8;\">149,99\u20ac<\/span><\/div><\/li><li class=\"gw-go-even\" data-row-index=\"1\"><div class=\"gw-go-body-cell\">(Letztes Update: Februar 2025)<\/div><\/li><li data-row-index=\"2\"><div class=\"gw-go-body-cell\"><span style=\"color:#000000;\"><br>f\u00fcr Projekte jeder Gr\u00f6\u00dfe<br><\/span>\r\n<span style=\"color:#000000;\"><br>Import & Export f\u00fcr die Zusammenarbeit mit einem Architekten<br><\/span>\r\n<span style=\"color:#000000;\"><br>Planerstellung f\u00fcr echte Bauantr\u00e4ge nach deutschen & europ\u00e4ischen Baustandards<br><\/span>\r\n<span style=\"color:#000000;\"><br>viel gr\u00f6\u00dferer Funktionsumfang als in den beiden anderen Versionen<br><\/span><\/div><\/li><li class=\"gw-go-even\" data-row-index=\"3\"><div class=\"gw-go-body-cell\"><\/br>132 Bewertungen<\/br><i style=\"color:#ffae00; font-size:12px;\" class=\"fa fa-star\"><\/i> <i style=\"color:#ffae00; font-size:12px;\" class=\"fa fa-star\"><\/i> <i style=\"color:#ffae00; font-size:12px;\" class=\"fa fa-star\"><\/i> <i style=\"color:#ffae00; font-size:12px;\" class=\"fa fa-star\"><\/i> <i style=\"color:#ffae00; font-size:12px;\" class=\"fa fa-star\"><\/i><\/br><\/br><\/div><\/li><\/ul><div class=\"gw-go-footer-wrap\"><div class=\"gw-go-footer-spacer\"><\/div><div class=\"gw-go-footer\"><div class=\"gw-go-footer-rows\"><div class=\"gw-go-footer-row\" data-row-index=\"0\"><div class=\"gw-go-footer-row-inner\">&nbsp;<\/div><\/div><div class=\"gw-go-footer-row gw-go-even\" data-row-index=\"1\"><div class=\"gw-go-footer-row-inner\"><a href=\"https:\/\/plan7architekt.com\/produkt\/kaufen\/\" class=\"gw-go-btn gw-go-btn-large\"><span class=\"gw-go-btn-inner\">zum Produkt<\/span><\/a><\/div><\/div><\/div><\/div><\/div><\/div><\/div><\/div><\/div><\/div>[\/vc_column_text][\/vc_column][\/vc_row]<\/p>\n<\/section>","protected":false},"excerpt":{"rendered":"<p>[vc_row][vc_column width=&#8221;2\/3&#8243;][vc_column_text]Ein Keller gilt als Wohnraum, wenn er die Anforderungen an einen Aufenthaltsraum erf\u00fcllt. Diese Anforderungen sind in den&#8230;<\/p>\n","protected":false},"author":584,"featured_media":45682,"comment_status":"closed","ping_status":"closed","sticky":false,"template":"","format":"standard","meta":{"footnotes":""},"categories":[362],"tags":[],"class_list":{"0":"post-41477","1":"post","2":"type-post","3":"status-publish","4":"format-standard","5":"has-post-thumbnail","7":"category-kellerplanung"},"yoast_head":"<!-- This site is optimized with the Yoast SEO plugin v27.4 - https:\/\/yoast.com\/product\/yoast-seo-wordpress\/ -->\n<title>Wann gilt ein Keller als Wohnraum? - Aufkl\u00e4rung<\/title>\n<meta name=\"robots\" content=\"index, follow, max-snippet:-1, max-image-preview:large, max-video-preview:-1\" \/>\n<link rel=\"canonical\" href=\"https:\/\/plan7architekt.com\/i\/wann-gilt-ein-keller-als-wohnraum-aufklaerung-ai5\/\" \/>\n<meta name=\"twitter:label1\" content=\"Geschrieben von\" \/>\n\t<meta name=\"twitter:data1\" content=\"Plan7Architekt Support\" \/>\n\t<meta name=\"twitter:label2\" content=\"Gesch\u00e4tzte Lesezeit\" \/>\n\t<meta name=\"twitter:data2\" content=\"7\u00a0Minuten\" \/>\n<script type=\"application\/ld+json\" class=\"yoast-schema-graph\">{\"@context\":\"https:\\\/\\\/schema.org\",\"@graph\":[{\"@type\":\"Article\",\"@id\":\"https:\\\/\\\/plan7architekt.com\\\/i\\\/wann-gilt-ein-keller-als-wohnraum-aufklaerung-ai5\\\/#article\",\"isPartOf\":{\"@id\":\"https:\\\/\\\/plan7architekt.com\\\/i\\\/wann-gilt-ein-keller-als-wohnraum-aufklaerung-ai5\\\/\"},\"author\":{\"name\":\"Plan7Architekt Support\",\"@id\":\"https:\\\/\\\/plan7architekt.com\\\/i\\\/#\\\/schema\\\/person\\\/9ab7931240253702d63bf04e4dfe2a64\"},\"headline\":\"Wann gilt ein Keller als Wohnraum? &#8211; Aufkl\u00e4rung\",\"datePublished\":\"2024-01-08T17:03:33+00:00\",\"dateModified\":\"2024-10-23T16:43:30+00:00\",\"mainEntityOfPage\":{\"@id\":\"https:\\\/\\\/plan7architekt.com\\\/i\\\/wann-gilt-ein-keller-als-wohnraum-aufklaerung-ai5\\\/\"},\"wordCount\":1122,\"publisher\":{\"@id\":\"https:\\\/\\\/plan7architekt.com\\\/i\\\/#organization\"},\"image\":{\"@id\":\"https:\\\/\\\/plan7architekt.com\\\/i\\\/wann-gilt-ein-keller-als-wohnraum-aufklaerung-ai5\\\/#primaryimage\"},\"thumbnailUrl\":\"https:\\\/\\\/plan7architekt.com\\\/i\\\/wp-content\\\/uploads\\\/2024\\\/06\\\/Mit-dem-Plan7Architekt-koennen-Sie-Ihren-Keller-und-das-gesamte-Haus-virtuell-planen.webp\",\"articleSection\":[\"Kellerplanung\"],\"inLanguage\":\"de\"},{\"@type\":\"WebPage\",\"@id\":\"https:\\\/\\\/plan7architekt.com\\\/i\\\/wann-gilt-ein-keller-als-wohnraum-aufklaerung-ai5\\\/\",\"url\":\"https:\\\/\\\/plan7architekt.com\\\/i\\\/wann-gilt-ein-keller-als-wohnraum-aufklaerung-ai5\\\/\",\"name\":\"Wann gilt ein Keller als Wohnraum? - Aufkl\u00e4rung\",\"isPartOf\":{\"@id\":\"https:\\\/\\\/plan7architekt.com\\\/i\\\/#website\"},\"primaryImageOfPage\":{\"@id\":\"https:\\\/\\\/plan7architekt.com\\\/i\\\/wann-gilt-ein-keller-als-wohnraum-aufklaerung-ai5\\\/#primaryimage\"},\"image\":{\"@id\":\"https:\\\/\\\/plan7architekt.com\\\/i\\\/wann-gilt-ein-keller-als-wohnraum-aufklaerung-ai5\\\/#primaryimage\"},\"thumbnailUrl\":\"https:\\\/\\\/plan7architekt.com\\\/i\\\/wp-content\\\/uploads\\\/2024\\\/06\\\/Mit-dem-Plan7Architekt-koennen-Sie-Ihren-Keller-und-das-gesamte-Haus-virtuell-planen.webp\",\"breadcrumb\":{\"@id\":\"https:\\\/\\\/plan7architekt.com\\\/i\\\/wann-gilt-ein-keller-als-wohnraum-aufklaerung-ai5\\\/#breadcrumb\"},\"inLanguage\":\"de\",\"potentialAction\":[{\"@type\":\"ReadAction\",\"target\":[\"https:\\\/\\\/plan7architekt.com\\\/i\\\/wann-gilt-ein-keller-als-wohnraum-aufklaerung-ai5\\\/\"]}]},{\"@type\":\"ImageObject\",\"inLanguage\":\"de\",\"@id\":\"https:\\\/\\\/plan7architekt.com\\\/i\\\/wann-gilt-ein-keller-als-wohnraum-aufklaerung-ai5\\\/#primaryimage\",\"url\":\"https:\\\/\\\/plan7architekt.com\\\/i\\\/wp-content\\\/uploads\\\/2024\\\/06\\\/Mit-dem-Plan7Architekt-koennen-Sie-Ihren-Keller-und-das-gesamte-Haus-virtuell-planen.webp\",\"contentUrl\":\"https:\\\/\\\/plan7architekt.com\\\/i\\\/wp-content\\\/uploads\\\/2024\\\/06\\\/Mit-dem-Plan7Architekt-koennen-Sie-Ihren-Keller-und-das-gesamte-Haus-virtuell-planen.webp\",\"width\":2557,\"height\":1328,\"caption\":\"Mit dem Plan7Architekt k\u00f6nnen Sie Ihren Keller und das gesamte Haus virtuell planen\"},{\"@type\":\"BreadcrumbList\",\"@id\":\"https:\\\/\\\/plan7architekt.com\\\/i\\\/wann-gilt-ein-keller-als-wohnraum-aufklaerung-ai5\\\/#breadcrumb\",\"itemListElement\":[{\"@type\":\"ListItem\",\"position\":1,\"name\":\"Blog\",\"item\":\"https:\\\/\\\/plan7architekt.com\\\/i\\\/\"},{\"@type\":\"ListItem\",\"position\":2,\"name\":\"Hausplanung\",\"item\":\"https:\\\/\\\/plan7architekt.com\\\/i\\\/category\\\/3dsoftware\\\/\"},{\"@type\":\"ListItem\",\"position\":3,\"name\":\"Kellerplanung\",\"item\":\"https:\\\/\\\/plan7architekt.com\\\/i\\\/category\\\/3dsoftware\\\/kellerplanung\\\/\"},{\"@type\":\"ListItem\",\"position\":4,\"name\":\"Wann gilt ein Keller als Wohnraum? &#8211; Aufkl\u00e4rung\"}]},{\"@type\":\"WebSite\",\"@id\":\"https:\\\/\\\/plan7architekt.com\\\/i\\\/#website\",\"url\":\"https:\\\/\\\/plan7architekt.com\\\/i\\\/\",\"name\":\"Plan7Architekt\",\"description\":\"\",\"publisher\":{\"@id\":\"https:\\\/\\\/plan7architekt.com\\\/i\\\/#organization\"},\"potentialAction\":[{\"@type\":\"SearchAction\",\"target\":{\"@type\":\"EntryPoint\",\"urlTemplate\":\"https:\\\/\\\/plan7architekt.com\\\/i\\\/?s={search_term_string}\"},\"query-input\":{\"@type\":\"PropertyValueSpecification\",\"valueRequired\":true,\"valueName\":\"search_term_string\"}}],\"inLanguage\":\"de\"},{\"@type\":\"Organization\",\"@id\":\"https:\\\/\\\/plan7architekt.com\\\/i\\\/#organization\",\"name\":\"Plan7Architekt\",\"url\":\"https:\\\/\\\/plan7architekt.com\\\/i\\\/\",\"logo\":{\"@type\":\"ImageObject\",\"inLanguage\":\"de\",\"@id\":\"https:\\\/\\\/plan7architekt.com\\\/i\\\/#\\\/schema\\\/logo\\\/image\\\/\",\"url\":\"https:\\\/\\\/plan7architekt.com\\\/i\\\/wp-content\\\/uploads\\\/2018\\\/06\\\/Logo_Plan7architekt-2.jpg\",\"contentUrl\":\"https:\\\/\\\/plan7architekt.com\\\/i\\\/wp-content\\\/uploads\\\/2018\\\/06\\\/Logo_Plan7architekt-2.jpg\",\"width\":395,\"height\":45,\"caption\":\"Plan7Architekt\"},\"image\":{\"@id\":\"https:\\\/\\\/plan7architekt.com\\\/i\\\/#\\\/schema\\\/logo\\\/image\\\/\"},\"sameAs\":[\"https:\\\/\\\/www.facebook.com\\\/people\\\/Plan7Architekt-Architektursoftware\\\/100063592615389\\\/\",\"https:\\\/\\\/www.youtube.com\\\/@plan7architekt\",\"https:\\\/\\\/www.instagram.com\\\/plan7architekt_de\\\/\",\"https:\\\/\\\/www.trustedshops.de\\\/bewertung\\\/info_XC87D0FA41684537E9E0DC3C77C926E32.html\",\"https:\\\/\\\/de.trustpilot.com\\\/review\\\/plan7architekt.com\"]},{\"@type\":\"Person\",\"@id\":\"https:\\\/\\\/plan7architekt.com\\\/i\\\/#\\\/schema\\\/person\\\/9ab7931240253702d63bf04e4dfe2a64\",\"name\":\"Plan7Architekt Support\"}]}<\/script>\n<!-- \/ Yoast SEO plugin. -->","yoast_head_json":{"title":"Wann gilt ein Keller als Wohnraum? - Aufkl\u00e4rung","robots":{"index":"index","follow":"follow","max-snippet":"max-snippet:-1","max-image-preview":"max-image-preview:large","max-video-preview":"max-video-preview:-1"},"canonical":"https:\/\/plan7architekt.com\/i\/wann-gilt-ein-keller-als-wohnraum-aufklaerung-ai5\/","twitter_misc":{"Geschrieben von":"Plan7Architekt Support","Gesch\u00e4tzte Lesezeit":"7\u00a0Minuten"},"schema":{"@context":"https:\/\/schema.org","@graph":[{"@type":"Article","@id":"https:\/\/plan7architekt.com\/i\/wann-gilt-ein-keller-als-wohnraum-aufklaerung-ai5\/#article","isPartOf":{"@id":"https:\/\/plan7architekt.com\/i\/wann-gilt-ein-keller-als-wohnraum-aufklaerung-ai5\/"},"author":{"name":"Plan7Architekt Support","@id":"https:\/\/plan7architekt.com\/i\/#\/schema\/person\/9ab7931240253702d63bf04e4dfe2a64"},"headline":"Wann gilt ein Keller als Wohnraum? &#8211; Aufkl\u00e4rung","datePublished":"2024-01-08T17:03:33+00:00","dateModified":"2024-10-23T16:43:30+00:00","mainEntityOfPage":{"@id":"https:\/\/plan7architekt.com\/i\/wann-gilt-ein-keller-als-wohnraum-aufklaerung-ai5\/"},"wordCount":1122,"publisher":{"@id":"https:\/\/plan7architekt.com\/i\/#organization"},"image":{"@id":"https:\/\/plan7architekt.com\/i\/wann-gilt-ein-keller-als-wohnraum-aufklaerung-ai5\/#primaryimage"},"thumbnailUrl":"https:\/\/plan7architekt.com\/i\/wp-content\/uploads\/2024\/06\/Mit-dem-Plan7Architekt-koennen-Sie-Ihren-Keller-und-das-gesamte-Haus-virtuell-planen.webp","articleSection":["Kellerplanung"],"inLanguage":"de"},{"@type":"WebPage","@id":"https:\/\/plan7architekt.com\/i\/wann-gilt-ein-keller-als-wohnraum-aufklaerung-ai5\/","url":"https:\/\/plan7architekt.com\/i\/wann-gilt-ein-keller-als-wohnraum-aufklaerung-ai5\/","name":"Wann gilt ein Keller als Wohnraum? - Aufkl\u00e4rung","isPartOf":{"@id":"https:\/\/plan7architekt.com\/i\/#website"},"primaryImageOfPage":{"@id":"https:\/\/plan7architekt.com\/i\/wann-gilt-ein-keller-als-wohnraum-aufklaerung-ai5\/#primaryimage"},"image":{"@id":"https:\/\/plan7architekt.com\/i\/wann-gilt-ein-keller-als-wohnraum-aufklaerung-ai5\/#primaryimage"},"thumbnailUrl":"https:\/\/plan7architekt.com\/i\/wp-content\/uploads\/2024\/06\/Mit-dem-Plan7Architekt-koennen-Sie-Ihren-Keller-und-das-gesamte-Haus-virtuell-planen.webp","breadcrumb":{"@id":"https:\/\/plan7architekt.com\/i\/wann-gilt-ein-keller-als-wohnraum-aufklaerung-ai5\/#breadcrumb"},"inLanguage":"de","potentialAction":[{"@type":"ReadAction","target":["https:\/\/plan7architekt.com\/i\/wann-gilt-ein-keller-als-wohnraum-aufklaerung-ai5\/"]}]},{"@type":"ImageObject","inLanguage":"de","@id":"https:\/\/plan7architekt.com\/i\/wann-gilt-ein-keller-als-wohnraum-aufklaerung-ai5\/#primaryimage","url":"https:\/\/plan7architekt.com\/i\/wp-content\/uploads\/2024\/06\/Mit-dem-Plan7Architekt-koennen-Sie-Ihren-Keller-und-das-gesamte-Haus-virtuell-planen.webp","contentUrl":"https:\/\/plan7architekt.com\/i\/wp-content\/uploads\/2024\/06\/Mit-dem-Plan7Architekt-koennen-Sie-Ihren-Keller-und-das-gesamte-Haus-virtuell-planen.webp","width":2557,"height":1328,"caption":"Mit dem Plan7Architekt k\u00f6nnen Sie Ihren Keller und das gesamte Haus virtuell planen"},{"@type":"BreadcrumbList","@id":"https:\/\/plan7architekt.com\/i\/wann-gilt-ein-keller-als-wohnraum-aufklaerung-ai5\/#breadcrumb","itemListElement":[{"@type":"ListItem","position":1,"name":"Blog","item":"https:\/\/plan7architekt.com\/i\/"},{"@type":"ListItem","position":2,"name":"Hausplanung","item":"https:\/\/plan7architekt.com\/i\/category\/3dsoftware\/"},{"@type":"ListItem","position":3,"name":"Kellerplanung","item":"https:\/\/plan7architekt.com\/i\/category\/3dsoftware\/kellerplanung\/"},{"@type":"ListItem","position":4,"name":"Wann gilt ein Keller als Wohnraum? &#8211; Aufkl\u00e4rung"}]},{"@type":"WebSite","@id":"https:\/\/plan7architekt.com\/i\/#website","url":"https:\/\/plan7architekt.com\/i\/","name":"Plan7Architekt","description":"","publisher":{"@id":"https:\/\/plan7architekt.com\/i\/#organization"},"potentialAction":[{"@type":"SearchAction","target":{"@type":"EntryPoint","urlTemplate":"https:\/\/plan7architekt.com\/i\/?s={search_term_string}"},"query-input":{"@type":"PropertyValueSpecification","valueRequired":true,"valueName":"search_term_string"}}],"inLanguage":"de"},{"@type":"Organization","@id":"https:\/\/plan7architekt.com\/i\/#organization","name":"Plan7Architekt","url":"https:\/\/plan7architekt.com\/i\/","logo":{"@type":"ImageObject","inLanguage":"de","@id":"https:\/\/plan7architekt.com\/i\/#\/schema\/logo\/image\/","url":"https:\/\/plan7architekt.com\/i\/wp-content\/uploads\/2018\/06\/Logo_Plan7architekt-2.jpg","contentUrl":"https:\/\/plan7architekt.com\/i\/wp-content\/uploads\/2018\/06\/Logo_Plan7architekt-2.jpg","width":395,"height":45,"caption":"Plan7Architekt"},"image":{"@id":"https:\/\/plan7architekt.com\/i\/#\/schema\/logo\/image\/"},"sameAs":["https:\/\/www.facebook.com\/people\/Plan7Architekt-Architektursoftware\/100063592615389\/","https:\/\/www.youtube.com\/@plan7architekt","https:\/\/www.instagram.com\/plan7architekt_de\/","https:\/\/www.trustedshops.de\/bewertung\/info_XC87D0FA41684537E9E0DC3C77C926E32.html","https:\/\/de.trustpilot.com\/review\/plan7architekt.com"]},{"@type":"Person","@id":"https:\/\/plan7architekt.com\/i\/#\/schema\/person\/9ab7931240253702d63bf04e4dfe2a64","name":"Plan7Architekt Support"}]}},"_links":{"self":[{"href":"https:\/\/plan7architekt.com\/i\/wp-json\/wp\/v2\/posts\/41477","targetHints":{"allow":["GET"]}}],"collection":[{"href":"https:\/\/plan7architekt.com\/i\/wp-json\/wp\/v2\/posts"}],"about":[{"href":"https:\/\/plan7architekt.com\/i\/wp-json\/wp\/v2\/types\/post"}],"author":[{"embeddable":true,"href":"https:\/\/plan7architekt.com\/i\/wp-json\/wp\/v2\/users\/584"}],"replies":[{"embeddable":true,"href":"https:\/\/plan7architekt.com\/i\/wp-json\/wp\/v2\/comments?post=41477"}],"version-history":[{"count":7,"href":"https:\/\/plan7architekt.com\/i\/wp-json\/wp\/v2\/posts\/41477\/revisions"}],"predecessor-version":[{"id":45866,"href":"https:\/\/plan7architekt.com\/i\/wp-json\/wp\/v2\/posts\/41477\/revisions\/45866"}],"wp:featuredmedia":[{"embeddable":true,"href":"https:\/\/plan7architekt.com\/i\/wp-json\/wp\/v2\/media\/45682"}],"wp:attachment":[{"href":"https:\/\/plan7architekt.com\/i\/wp-json\/wp\/v2\/media?parent=41477"}],"wp:term":[{"taxonomy":"category","embeddable":true,"href":"https:\/\/plan7architekt.com\/i\/wp-json\/wp\/v2\/categories?post=41477"},{"taxonomy":"post_tag","embeddable":true,"href":"https:\/\/plan7architekt.com\/i\/wp-json\/wp\/v2\/tags?post=41477"}],"curies":[{"name":"wp","href":"https:\/\/api.w.org\/{rel}","templated":true}]}}