{"id":41346,"date":"2023-12-11T12:28:37","date_gmt":"2023-12-11T11:28:37","guid":{"rendered":"https:\/\/plan7architekt.com\/i\/?p=41346"},"modified":"2024-10-17T09:46:53","modified_gmt":"2024-10-17T08:46:53","slug":"nutzflaeche-nach-din-277-was-gehoert-dazu-ai5","status":"publish","type":"post","link":"https:\/\/plan7architekt.com\/i\/nutzflaeche-nach-din-277-was-gehoert-dazu-ai5\/","title":{"rendered":"Nutzfl\u00e4che nach DIN 277 &#8211; was geh\u00f6rt dazu?"},"content":{"rendered":"<section class=\"wpb-content-wrapper\"><p>[vc_row][vc_column width=&#8221;2\/3&#8243;][vc_column_text]Die Nutzfl\u00e4che eines Geb\u00e4udes, definiert nach der DIN 277, ist ein zentraler Aspekt in der Architektur, im Bauwesen und in der Immobilienbewertung. Sie dient als Grundlage f\u00fcr die Berechnung der nutzbaren Fl\u00e4che eines Geb\u00e4udes und hat weitreichende Implikationen f\u00fcr Planung, Kostenkalkulation und rechtliche Bewertungen. Die DIN 277, eine Norm, die in Deutschland weit verbreitet und anerkannt ist, legt fest, wie die Nutzfl\u00e4che von Geb\u00e4uden zu berechnen und zu klassifizieren ist. In diesem Artikel wird erl\u00e4utert, was genau unter der Nutzfl\u00e4che nach DIN 277 zu verstehen ist und welche R\u00e4umlichkeiten und Fl\u00e4chenbereiche dazu z\u00e4hlen.<\/p>\n<figure id=\"attachment_41334\" aria-describedby=\"caption-attachment-41334\" style=\"width: 2555px\" class=\"wp-caption aligncenter\"><img decoding=\"async\" class=\"size-full wp-image-41334\" src=\"https:\/\/plan7architekt.com\/i\/wp-content\/uploads\/2023\/12\/Im-Plan7Architekt-werden-Bruttoflaechen-automatisch-berechnet.jpg\" alt=\"Bruttofl\u00e4che berechnen nach DIN 277\" width=\"2555\" height=\"1332\" srcset=\"https:\/\/plan7architekt.com\/i\/wp-content\/uploads\/2023\/12\/Im-Plan7Architekt-werden-Bruttoflaechen-automatisch-berechnet.jpg 2555w, https:\/\/plan7architekt.com\/i\/wp-content\/uploads\/2023\/12\/Im-Plan7Architekt-werden-Bruttoflaechen-automatisch-berechnet-300x156.jpg 300w, https:\/\/plan7architekt.com\/i\/wp-content\/uploads\/2023\/12\/Im-Plan7Architekt-werden-Bruttoflaechen-automatisch-berechnet-1024x534.jpg 1024w, https:\/\/plan7architekt.com\/i\/wp-content\/uploads\/2023\/12\/Im-Plan7Architekt-werden-Bruttoflaechen-automatisch-berechnet-768x400.jpg 768w, https:\/\/plan7architekt.com\/i\/wp-content\/uploads\/2023\/12\/Im-Plan7Architekt-werden-Bruttoflaechen-automatisch-berechnet-1536x801.jpg 1536w, https:\/\/plan7architekt.com\/i\/wp-content\/uploads\/2023\/12\/Im-Plan7Architekt-werden-Bruttoflaechen-automatisch-berechnet-2048x1068.jpg 2048w\" sizes=\"(max-width: 2555px) 100vw, 2555px\" \/><figcaption id=\"caption-attachment-41334\" class=\"wp-caption-text\">Im Plan7Architekt werden Bruttofl\u00e4chen automatisch berechnet<\/figcaption><\/figure>\n<h2>Definition der Nutzfl\u00e4che nach DIN 277<\/h2>\n<p>Die Nutzfl\u00e4che, bis 2016 als Nutzfl\u00e4che (NF) bezeichnet und seitdem als Nutzungsfl\u00e4che (NUF) definiert, ist ein wesentlicher Bestandteil der Brutto-Grundfl\u00e4che (BGF) eines Geb\u00e4udes. Die BGF umfasst die Gesamtheit aller Fl\u00e4chen eines Geb\u00e4udes, einschlie\u00dflich der W\u00e4nde und anderer konstruktiver Elemente. Die Nutzfl\u00e4che hingegen bezieht sich spezifisch auf die Teile der BGF, die tats\u00e4chlich genutzt werden k\u00f6nnen \u2013 sei es f\u00fcr Wohnzwecke, f\u00fcr B\u00fcroarbeit, f\u00fcr Lagerung oder andere Aktivit\u00e4ten. Diese Definition ist entscheidend, da sie die Basis f\u00fcr die Berechnung der vermietbaren oder verkaufbaren Fl\u00e4che eines Geb\u00e4udes bildet und somit direkte Auswirkungen auf die Wirtschaftlichkeit eines Bauvorhabens hat.<\/p>\n<h2>Anwendungsbereich der DIN 277<\/h2>\n<p>Die DIN 277, in ihrer aktuellen Fassung von 2021-08, bietet einen Rahmen f\u00fcr die Berechnung und Klassifizierung der Grundfl\u00e4chen von Bauwerken unterschiedlichster Nutzung. Sie ist nicht nur f\u00fcr Architekten und Bauingenieure von Bedeutung, sondern auch f\u00fcr Immobilienbewerter, Facility Manager und Bauherren. Die Norm legt detailliert fest, wie die verschiedenen Fl\u00e4chen eines Geb\u00e4udes zu messen und zu kategorisieren sind. Dies umfasst nicht nur die Nutzfl\u00e4chen, sondern auch technische Funktionsfl\u00e4chen und Verkehrsfl\u00e4chen. Die klare Abgrenzung und Definition dieser Fl\u00e4chenarten erm\u00f6glicht eine einheitliche und transparente Berechnung und Bewertung von Immobilien.<\/p>\n<h2>Gliederung der Nutzfl\u00e4chen<\/h2>\n<p>Die Nutzfl\u00e4chen eines Geb\u00e4udes werden nach DIN 277 in verschiedene Nutzungsgruppen unterteilt, die jeweils spezifische Arten der Nutzung repr\u00e4sentieren. Diese Einteilung ist entscheidend, um die Vielfalt der m\u00f6glichen Nutzungen eines Geb\u00e4udes zu erfassen und entsprechend zu klassifizieren. Die Nutzungsgruppen reichen von Wohn- und Aufenthaltsr\u00e4umen bis hin zu B\u00fcro- und Produktionsfl\u00e4chen, wobei jede Gruppe spezifische Raumarten umfasst.<\/p>\n<p><strong>Zur ersten Nutzungsgruppe, NUF 1<\/strong> \u201eWohnen und Aufenthalt\u201c, geh\u00f6ren beispielsweise <strong>Wohnr\u00e4ume<\/strong>, <strong>Schlafr\u00e4ume<\/strong>, <strong>K\u00fcchen<\/strong> in Wohnungen und <strong>Aufenthaltsr\u00e4ume<\/strong>. Diese Kategorie ist besonders relevant f\u00fcr Wohngeb\u00e4ude, da sie die Fl\u00e4chen umfasst, die direkt f\u00fcr das Wohnen und den t\u00e4glichen Aufenthalt der Bewohner genutzt werden.<\/p>\n<p><strong>Die Nutzungsgruppe NUF 2<\/strong> \u201e<strong>B\u00fcroarbeit<\/strong>\u201c umfasst <strong>B\u00fcror\u00e4ume<\/strong>, <strong>Besprechungsr\u00e4ume<\/strong> und \u00e4hnliche Fl\u00e4chen, die prim\u00e4r f\u00fcr administrative und gesch\u00e4ftliche T\u00e4tigkeiten genutzt werden. Diese Kategorie ist vor allem in B\u00fcrogeb\u00e4uden und anderen gewerblichen Immobilien von Bedeutung.<\/p>\n<p><strong>Weitere Nutzungsgruppen<\/strong> decken ein breites Spektrum an Nutzungsm\u00f6glichkeiten ab, von Produktions- und Forschungsr\u00e4umen bis hin zu R\u00e4umen f\u00fcr Bildung und Kultur. Jede dieser Gruppen hat spezifische Anforderungen und Charakteristika, die bei der Planung und Bewertung von Geb\u00e4uden ber\u00fccksichtigt werden m\u00fcssen.<\/p>\n<table>\n<thead>\n<tr>\n<th><strong>Zur Nutzfl\u00e4che geh\u00f6rend (NUF)<\/strong><\/th>\n<th><strong>Nicht zur Nutzfl\u00e4che geh\u00f6rend<\/strong><\/th>\n<\/tr>\n<\/thead>\n<tbody>\n<tr>\n<td><strong>Wohnr\u00e4ume<\/strong> (z.B. Schlafzimmer, Wohnzimmer)<\/td>\n<td><strong>Technikfl\u00e4chen<\/strong> (z.B. Heizungsr\u00e4ume, L\u00fcftungszentralen)<\/td>\n<\/tr>\n<tr>\n<td><strong>B\u00fcro- und Arbeitsr\u00e4ume<\/strong> (z.B. B\u00fcror\u00e4ume, Besprechungsr\u00e4ume)<\/td>\n<td><strong>Verkehrsfl\u00e4chen<\/strong> (z.B. Flure, Treppenh\u00e4user, Aufz\u00fcge)<\/td>\n<\/tr>\n<tr>\n<td><strong>Gastronomische Fl\u00e4chen<\/strong> (z.B. Restaurantfl\u00e4chen, K\u00fcchen)<\/td>\n<td><strong>Nicht nutzbare Dachfl\u00e4chen<\/strong> und konstruktiv bedingte Hohlr\u00e4ume<\/td>\n<\/tr>\n<tr>\n<td><strong>Ladenfl\u00e4chen und Verkaufsr\u00e4ume<\/strong><\/td>\n<td><strong>R\u00e4ume ohne festgelegte Zweckbestimmung<\/strong> (NUF 7 mit Vorsicht zu verwenden)<\/td>\n<\/tr>\n<tr>\n<td><strong>Lager- und Archivr\u00e4ume<\/strong> (sofern sie der Hauptnutzung dienen)<\/td>\n<td><strong>Garagen und Parkfl\u00e4chen<\/strong><\/td>\n<\/tr>\n<tr>\n<td><strong>Produktions- und Werkstattr\u00e4ume<\/strong><\/td>\n<td><strong><a class=\"wpil_keyword_link\" title=\"Keller\" href=\"https:\/\/plan7architekt.com\/i\/braucht-man-einen-keller-vorteile-nachteile-kosten-rechenbeispiele-tz2\/\" data-wpil-keyword-link=\"linked\">Keller<\/a>&#8211; und Abstellr\u00e4ume<\/strong> (sofern sie nicht der Hauptnutzung dienen)<\/td>\n<\/tr>\n<tr>\n<td><strong>R\u00e4ume f\u00fcr Bildung und Kultur<\/strong> (z.B. Klassenzimmer, Ausstellungsr\u00e4ume)<\/td>\n<td><\/td>\n<\/tr>\n<tr>\n<td><strong>Gesundheits- und Sozialr\u00e4ume<\/strong> (z.B. Behandlungsr\u00e4ume, Ruher\u00e4ume)<\/td>\n<\/tr>\n<\/tbody>\n<\/table>\n<p>&nbsp;<\/p>\n<figure id=\"attachment_41317\" aria-describedby=\"caption-attachment-41317\" style=\"width: 2554px\" class=\"wp-caption aligncenter\"><img decoding=\"async\" class=\"size-full wp-image-41317\" src=\"https:\/\/plan7architekt.com\/i\/wp-content\/uploads\/2023\/12\/Im-Plan7Architekt-wird-die-Wohnflaeche-automatisch-berechnet.jpg\" alt=\"Im Plan7Architekt wird die Wohnfl\u00e4che automatisch berechnet\" width=\"2554\" height=\"1327\" srcset=\"https:\/\/plan7architekt.com\/i\/wp-content\/uploads\/2023\/12\/Im-Plan7Architekt-wird-die-Wohnflaeche-automatisch-berechnet.jpg 2554w, https:\/\/plan7architekt.com\/i\/wp-content\/uploads\/2023\/12\/Im-Plan7Architekt-wird-die-Wohnflaeche-automatisch-berechnet-300x156.jpg 300w, https:\/\/plan7architekt.com\/i\/wp-content\/uploads\/2023\/12\/Im-Plan7Architekt-wird-die-Wohnflaeche-automatisch-berechnet-1024x532.jpg 1024w, https:\/\/plan7architekt.com\/i\/wp-content\/uploads\/2023\/12\/Im-Plan7Architekt-wird-die-Wohnflaeche-automatisch-berechnet-768x399.jpg 768w, https:\/\/plan7architekt.com\/i\/wp-content\/uploads\/2023\/12\/Im-Plan7Architekt-wird-die-Wohnflaeche-automatisch-berechnet-1536x798.jpg 1536w, https:\/\/plan7architekt.com\/i\/wp-content\/uploads\/2023\/12\/Im-Plan7Architekt-wird-die-Wohnflaeche-automatisch-berechnet-2048x1064.jpg 2048w\" sizes=\"(max-width: 2554px) 100vw, 2554px\" \/><figcaption id=\"caption-attachment-41317\" class=\"wp-caption-text\">Im Plan7Architekt wird die Wohnfl\u00e4che automatisch berechnet<\/figcaption><\/figure>\n<h2>Ausnahmen und Besonderheiten<\/h2>\n<p>Nicht alle Fl\u00e4chen eines Geb\u00e4udes z\u00e4hlen zur Nutzfl\u00e4che im Sinne der DIN 277. Es gibt spezifische R\u00e4umlichkeiten und Bereiche, die aus der Berechnung der Nutzfl\u00e4che ausgeschlossen werden. Dazu geh\u00f6ren insbesondere Verkehrsfl\u00e4chen und Technikfl\u00e4chen, die zwar integraler Bestandteil eines Geb\u00e4udes sind, aber nicht direkt zur Nutzfl\u00e4che gez\u00e4hlt werden.<\/p>\n<p>Verkehrsfl\u00e4chen, gekennzeichnet als VF, umfassen jene Bereiche, die der Bewegung von Personen oder G\u00fctern innerhalb des Geb\u00e4udes dienen. Dazu z\u00e4hlen beispielsweise Flure, Treppenh\u00e4user, Aufz\u00fcge und Rampen. Diese Fl\u00e4chen sind essentiell f\u00fcr die Funktionalit\u00e4t eines Geb\u00e4udes, tragen aber nicht direkt zur Nutzfl\u00e4che bei.<\/p>\n<p>Technikfl\u00e4chen, abgek\u00fcrzt als TF, beziehen sich auf R\u00e4ume und Bereiche, die f\u00fcr den Betrieb technischer Anlagen und f\u00fcr die Ver- und Entsorgung des Geb\u00e4udes notwendig sind. Hierzu z\u00e4hlen unter anderem Heizungsr\u00e4ume, L\u00fcftungszentralen und \u00e4hnliche technische Einrichtungen. Auch diese Fl\u00e4chen sind f\u00fcr das Funktionieren eines Geb\u00e4udes unerl\u00e4sslich, werden aber in der Nutzfl\u00e4chenberechnung separat behandelt.<\/p>\n<p>Ein interessanter Aspekt in der neuesten Fassung der DIN 277 ist die Einf\u00fchrung der Nutzungsgruppe NUF 7. Diese Kategorie umfasst R\u00e4ume, deren Zweckbestimmung noch nicht festgelegt ist. Diese flexible Kategorisierung erm\u00f6glicht es, Fl\u00e4chen vor\u00fcbergehend anders zu nutzen oder f\u00fcr zuk\u00fcnftige Anforderungen offen zu halten. Allerdings sollte diese Zuordnung mit Bedacht verwendet werden, da sie in manchen F\u00e4llen mit bauordnungsrechtlichen Vorgaben, wie Brandschutz und Statik, kollidieren kann.<\/p>\n<figure id=\"attachment_41304\" aria-describedby=\"caption-attachment-41304\" style=\"width: 2549px\" class=\"wp-caption aligncenter\"><img decoding=\"async\" class=\"size-full wp-image-41304\" src=\"https:\/\/plan7architekt.com\/i\/wp-content\/uploads\/2023\/12\/3D-Visualiserung-Praesentation-im-Plan7Architekt.jpg\" alt=\"3D Visualiserung &amp; Pr\u00e4sentation im Plan7Architekt\" width=\"2549\" height=\"1329\" srcset=\"https:\/\/plan7architekt.com\/i\/wp-content\/uploads\/2023\/12\/3D-Visualiserung-Praesentation-im-Plan7Architekt.jpg 2549w, https:\/\/plan7architekt.com\/i\/wp-content\/uploads\/2023\/12\/3D-Visualiserung-Praesentation-im-Plan7Architekt-300x156.jpg 300w, https:\/\/plan7architekt.com\/i\/wp-content\/uploads\/2023\/12\/3D-Visualiserung-Praesentation-im-Plan7Architekt-1024x534.jpg 1024w, https:\/\/plan7architekt.com\/i\/wp-content\/uploads\/2023\/12\/3D-Visualiserung-Praesentation-im-Plan7Architekt-768x400.jpg 768w, https:\/\/plan7architekt.com\/i\/wp-content\/uploads\/2023\/12\/3D-Visualiserung-Praesentation-im-Plan7Architekt-1536x801.jpg 1536w, https:\/\/plan7architekt.com\/i\/wp-content\/uploads\/2023\/12\/3D-Visualiserung-Praesentation-im-Plan7Architekt-2048x1068.jpg 2048w\" sizes=\"(max-width: 2549px) 100vw, 2549px\" \/><figcaption id=\"caption-attachment-41304\" class=\"wp-caption-text\">3D Visualiserung &amp; Pr\u00e4sentation im Plan7Architekt<\/figcaption><\/figure>\n<h2>Berechnung der Nutzfl\u00e4che<\/h2>\n<p>Die korrekte Berechnung der Nutzfl\u00e4che nach DIN 277 ist ein wesentlicher Schritt in der Planung, Bewertung und Verwaltung von Immobilien. Diese Berechnung ist nicht nur f\u00fcr die Ermittlung der vermietbaren oder verkaufbaren Fl\u00e4che eines Geb\u00e4udes wichtig, sondern auch f\u00fcr die Einhaltung gesetzlicher Vorgaben, wie dem Geb\u00e4udeenergiegesetz (GEG).<\/p>\n<p>Die Nutzfl\u00e4che wird als Teil der Brutto-Grundfl\u00e4che (BGF) des Geb\u00e4udes berechnet. Die BGF umfasst alle Fl\u00e4chen des Geb\u00e4udes, einschlie\u00dflich W\u00e4nde, S\u00e4ulen und sonstige konstruktive Elemente. Von dieser Gesamtfl\u00e4che werden die Nutzfl\u00e4chen, Technikfl\u00e4chen und Verkehrsfl\u00e4chen abgegrenzt und separat berechnet. Die Nutzfl\u00e4che selbst wird dann weiter in die verschiedenen Nutzungsgruppen unterteilt, die jeweils spezifische Arten der Nutzung repr\u00e4sentieren.<\/p>\n<p>Bei der Berechnung der Nutzfl\u00e4che ist es wichtig, die genauen Vorgaben der DIN 277 zu beachten. Dazu geh\u00f6rt die korrekte Messung der Fl\u00e4chen sowie die richtige Zuordnung zu den jeweiligen Nutzungsgruppen. Besondere Aufmerksamkeit ist auch auf R\u00e4ume zu legen, die nicht zur Nutzfl\u00e4che z\u00e4hlen, wie Technik- und Verkehrsfl\u00e4chen.<\/p>\n<p>Die pr\u00e4zise Berechnung der Nutzfl\u00e4che hat direkte Auswirkungen auf verschiedene Aspekte eines Geb\u00e4udes. Sie beeinflusst die Kostenkalkulation, die Miet- und Verkaufspreise sowie die Einhaltung von gesetzlichen Anforderungen. Dar\u00fcber hinaus ist sie entscheidend f\u00fcr das Facility Management und die langfristige Wirtschaftlichkeit des Geb\u00e4udes.<br \/>\n[\/vc_column_text][vc_column_text]<\/p>\n<h2>Nutzfl\u00e4che nach DIN 277 planen mit Plan7Architekt<\/h2>\n<p>Plan7Architekt erm\u00f6glicht Ihnen, die Nutzfl\u00e4che nach DIN 277 pr\u00e4zise zu berechnen und in Ihre Baupl\u00e4ne zu integrieren. Mit vielseitigen 2D- und 3D-Planungsfunktionen ist die Software ideal f\u00fcr die Gestaltung professioneller und regelkonformer Bauprojekte. Sie profitieren zus\u00e4tzlich von einem 14-t\u00e4gigen Widerrufsrecht und k\u00f6nnen Ihren Kauf risikofrei per E-Mail stornieren. Erleben Sie die Vorteile von Plan7Architekt und erstellen Sie Baupl\u00e4ne mit hoher Pr\u00e4zision![\/vc_column_text]<div class=\"gem-youtube gem-wrapbox gem-wrapbox-style-no-style rounded-corners gem-wrapbox-position-below\" style=\"width: 100%;\"><div class=\"gem-wrapbox-inner gem-ratio-style\" style=\"padding-top: 56.25%\"><iframe class=\"gem-wrapbox-element img-responsive\" width=\"100%\" height=\"300\" allowfullscreen=\"allowfullscreen\" frameborder=\"0\" scrolling=\"no\" marginheight=\"0\" marginwidth=\"0\" src=\"\/\/www.youtube.com\/embed\/pNn55Zf_Qxs?rel=0&amp;wmode=opaque\"><\/iframe><\/div><\/div>[\/vc_column][vc_column width=&#8221;1\/3&#8243; css=&#8221;.vc_custom_1705131079263{background-color: #23262d !important;border-radius: 35px !important;}&#8221;][vc_widget_sidebar sidebar_id=&#8221;cs-2&#8243;][\/vc_column][\/vc_row][vc_row][vc_column][vc_column_text]<\/p>\n<h2>Die 3 Plan7Architekten<\/h2>\n<p><style type=\"text\/css\">@import url(\/\/fonts.googleapis.com\/css?family=Raleway:400);@import url(https:\/\/plan7architekt.com\/i\/wp-content\/plugins\/go_pricing\/assets\/lib\/font_awesome\/css\/font-awesome.min.css); #go-pricing-table-38664 .gw-go { margin-left:-50px; } #go-pricing-table-38664 .gw-go-col { margin-left:50px; } #go-pricing-table-38664 .gw-go-col-wrap { min-width:130px; } #go-pricing-table-38664 .gw-go-col-inner { border-radius:0 0 0 0; } #go-pricing-table-38664 .gw-go-tooltip-content { background-color:#333333;color:#ffffff; } #go-pricing-table-38664 .gw-go-tooltip:before { border-top-color:#333333; } #go-pricing-table-38664 .gw-go-col-wrap-0.gw-go-hover .gw-go-header-top { background-color:#2089c8; } #go-pricing-table-38664 .gw-go-col-wrap-0 .gw-go-price-wrap span, #go-pricing-table-38664 .gw-go-col-wrap-0 .gw-go-coinf div, #go-pricing-table-38664 .gw-go-col-wrap-0 .gw-go-coinb div { color:#2089c8; } #go-pricing-table-38664 .gw-go-col-wrap-0 .gw-go-body li[data-row-index=\"0\"] { font-size:28px !important; line-height:70px !important; } #go-pricing-table-38664 .gw-go-col-wrap-0 .gw-go-body li[data-row-index=\"1\"] { font-size:18px !important; line-height:24px !important; font-family:Raleway, sans-serif !important; } #go-pricing-table-38664 .gw-go-col-wrap-0 .gw-go-body li[data-row-index=\"2\"] { font-size:18px !important; line-height:24px !important; font-family:Raleway, sans-serif !important; } #go-pricing-table-38664 .gw-go-col-wrap-0 .gw-go-body li[data-row-index=\"3\"] { font-size:14px !important; line-height:16px !important; } #go-pricing-table-38664 .gw-go-col-wrap-0 .gw-go-footer-row[data-row-index=\"0\"]  { font-size:12px !important; line-height:16px !important; } #go-pricing-table-38664 .gw-go-col-wrap-0 .gw-go-footer-row[data-row-index=\"1\"]  .gw-go-btn { font-size:14px !important; } #go-pricing-table-38664 .gw-go-col-wrap-0 .gw-go-footer-row[data-row-index=\"1\"] .gw-go-btn { background-color:#00bcd4 !important; } #go-pricing-table-38664 .gw-go-col-wrap-1.gw-go-hover .gw-go-header-top { background-color:#2089c8; } #go-pricing-table-38664 .gw-go-col-wrap-1 .gw-go-price-wrap span, #go-pricing-table-38664 .gw-go-col-wrap-1 .gw-go-coinf div, #go-pricing-table-38664 .gw-go-col-wrap-1 .gw-go-coinb div { color:#2089c8; } #go-pricing-table-38664 .gw-go-col-wrap-1 .gw-go-body li[data-row-index=\"0\"] { font-size:28px !important; line-height:70px !important; } #go-pricing-table-38664 .gw-go-col-wrap-1 .gw-go-body li[data-row-index=\"1\"] { font-size:18px !important; line-height:24px !important; font-family:Raleway, sans-serif !important; } #go-pricing-table-38664 .gw-go-col-wrap-1 .gw-go-body li[data-row-index=\"2\"] { font-size:18px !important; line-height:24px !important; font-family:Raleway, sans-serif !important; } #go-pricing-table-38664 .gw-go-col-wrap-1 .gw-go-body li[data-row-index=\"3\"] { font-size:14px !important; line-height:16px !important; } #go-pricing-table-38664 .gw-go-col-wrap-1 .gw-go-footer-row[data-row-index=\"0\"]  { font-size:13px !important; line-height:16px !important; } #go-pricing-table-38664 .gw-go-col-wrap-1 .gw-go-footer-row[data-row-index=\"1\"]  .gw-go-btn { font-size:14px !important; } #go-pricing-table-38664 .gw-go-col-wrap-1 .gw-go-footer-row[data-row-index=\"1\"] .gw-go-btn { background-color:#00bcd4 !important; } #go-pricing-table-38664 .gw-go-col-wrap-2.gw-go-hover .gw-go-header-top { background-color:#2089c8; } #go-pricing-table-38664 .gw-go-col-wrap-2 .gw-go-price-wrap span, #go-pricing-table-38664 .gw-go-col-wrap-2 .gw-go-coinf div, #go-pricing-table-38664 .gw-go-col-wrap-2 .gw-go-coinb div { color:#2089c8; } #go-pricing-table-38664 .gw-go-col-wrap-2 .gw-go-body li[data-row-index=\"0\"] { font-size:28px !important; line-height:70px !important; } #go-pricing-table-38664 .gw-go-col-wrap-2 .gw-go-body li[data-row-index=\"1\"] { font-size:18px !important; line-height:24px !important; font-family:Raleway, sans-serif !important; } #go-pricing-table-38664 .gw-go-col-wrap-2 .gw-go-body li[data-row-index=\"2\"] { font-size:18px !important; line-height:24px !important; font-family:Raleway, sans-serif !important; } #go-pricing-table-38664 .gw-go-col-wrap-2 .gw-go-body li[data-row-index=\"3\"] { font-size:14px !important; line-height:16px !important; } #go-pricing-table-38664 .gw-go-col-wrap-2 .gw-go-footer-row[data-row-index=\"0\"]  { font-size:12px !important; line-height:16px !important; } #go-pricing-table-38664 .gw-go-col-wrap-2 .gw-go-footer-row[data-row-index=\"1\"]  .gw-go-btn { font-size:14px !important; } #go-pricing-table-38664 .gw-go-col-wrap-2 .gw-go-footer-row[data-row-index=\"1\"] .gw-go-btn { background-color:#00bcd4 !important; } #go-pricing-table-38664 .gw-go { visibility:inherit; }<\/style><style>@media only screen and (min-width: 480px) and (max-width: 767px) { #go-pricing-table-38664 .gw-go-col-wrap { width:50%; } }<\/style><style>@media only screen and (min-width: 480px) and (max-width: 767px) { .gw-go-tooltip { left:50% !important; right:auto !important; transform: translateX(-50%) !important; margin-left:0!important; } .gw-go-tooltip-content:before { right:auto !important; left:50% !important; margin-left:-6px !important; } }<\/style><style>@media only screen and (max-width: 479px) { #go-pricing-table-38664 .gw-go-col-wrap { width:100%; } }<\/style><style>@media only screen and (max-width: 479px) { .gw-go-tooltip { left:50% !important; right:auto !important; transform: translateX(-50%) !important; margin-left:0!important; } .gw-go-tooltip-content:before { right:auto !important; left:50% !important; margin-left:-6px !important; } }<\/style><div id=\"go-pricing-table-38664\" class=\"go-pricing\" style=\"margin-bottom:20px;\"><div class=\"gw-go gw-go-clearfix gw-go-enlarge-current gw-go-3cols\" data-id=\"38664\" data-colnum=\"3\" data-equalize=\"{&quot;body&quot;:&quot;1&quot;,&quot;footer&quot;:&quot;1&quot;}\" data-views=\"{&quot;tp&quot;:{&quot;min&quot;:&quot;768&quot;,&quot;max&quot;:&quot;959&quot;,&quot;cols&quot;:&quot;&quot;},&quot;ml&quot;:{&quot;min&quot;:&quot;480&quot;,&quot;max&quot;:&quot;767&quot;,&quot;cols&quot;:&quot;2&quot;},&quot;mp&quot;:{&quot;min&quot;:&quot;&quot;,&quot;max&quot;:&quot;479&quot;,&quot;cols&quot;:&quot;1&quot;}}\"><div class=\"gw-go-col-wrap gw-go-col-wrap-0 gw-go-hover gw-go-disable-enlarge gw-go-disable-hover\" data-current=\"1\" data-col-index=\"0\"><div class=\"gw-go-col gw-go-clean-style1\"><div class=\"gw-go-col-inner\"><div class=\"gw-go-col-inner-layer\"><\/div><div class=\"gw-go-col-inner-layer-over\"><\/div><div class=\"gw-go-header gw-go-header-standard\"><a href=\"https:\/\/plan7architekt.com\/produkt\/basic\/?v=5f02f0889301\"><img decoding=\"async\" class=\"aligncenter wp-image-47113 size-full\" src=\"https:\/\/plan7architekt.com\/i\/wp-content\/uploads\/2025\/07\/Plan7Architekt-Basic-6.png\" alt=\"\" width=\"765\" height=\"900\" srcset=\"https:\/\/plan7architekt.com\/i\/wp-content\/uploads\/2025\/07\/Plan7Architekt-Basic-6.png 765w, https:\/\/plan7architekt.com\/i\/wp-content\/uploads\/2025\/07\/Plan7Architekt-Basic-6-255x300.png 255w, https:\/\/plan7architekt.com\/i\/wp-content\/uploads\/2025\/07\/Plan7Architekt-Basic-6-500x588.png 500w, https:\/\/plan7architekt.com\/i\/wp-content\/uploads\/2025\/07\/Plan7Architekt-Basic-6-700x824.png 700w\" sizes=\"(max-width: 765px) 100vw, 765px\" \/><\/a><\/div><ul class=\"gw-go-body\"><li data-row-index=\"0\"><div class=\"gw-go-body-cell\"><span style=\"color:#2089c8;\">79.99\u20ac<\/span><\/div><\/li><li class=\"gw-go-even\" data-row-index=\"1\"><div class=\"gw-go-body-cell\">(Letztes Update: Februar 2025)<\/div><\/li><li data-row-index=\"2\"><div class=\"gw-go-body-cell\"><span style=\"color:#000000;\"><br>Geeignet f\u00fcr kleine Hobby-Projekte<br><\/span>\r\n<span style=\"color:#000000;\"><br>keine Gartenplanung und nur eine eingeschr\u00e4nkte Grundrisserstellung mit wenigen Wandarten<br><\/span><\/div><\/li><li class=\"gw-go-even\" data-row-index=\"3\"><div class=\"gw-go-body-cell\"><\/br>17 Bewertungen<\/br><i style=\"color:#ffae00; font-size:12px;\" class=\"fa fa-star\"><\/i> <i style=\"color:#ffae00; font-size:12px;\" class=\"fa fa-star\"><\/i> <i style=\"color:#ffae00; font-size:12px;\" class=\"fa fa-star\"><\/i> <i style=\"color:#ffae00; font-size:12px;\" class=\"fa fa-star\"><\/i> <i style=\"color:#838383; font-size:12px;\" class=\"fa fa-star-o\"><\/i><\/br><\/br><\/div><\/li><\/ul><div class=\"gw-go-footer-wrap\"><div class=\"gw-go-footer-spacer\"><\/div><div class=\"gw-go-footer\"><div class=\"gw-go-footer-rows\"><div class=\"gw-go-footer-row\" data-row-index=\"0\"><div class=\"gw-go-footer-row-inner\">&nbsp;<\/div><\/div><div class=\"gw-go-footer-row gw-go-even\" data-row-index=\"1\"><div class=\"gw-go-footer-row-inner\"><a href=\"https:\/\/plan7architekt.com\/produkt\/basic\/\" class=\"gw-go-btn gw-go-btn-large\"><span class=\"gw-go-btn-inner\">zum Produkt<\/span><\/a><\/div><\/div><\/div><\/div><\/div><\/div><\/div><\/div><div class=\"gw-go-col-wrap gw-go-col-wrap-1 gw-go-hover gw-go-disable-enlarge gw-go-disable-hover\" data-current=\"1\" data-col-index=\"1\"><div class=\"gw-go-col gw-go-clean-style1\"><div class=\"gw-go-col-inner\"><div class=\"gw-go-col-inner-layer\"><\/div><div class=\"gw-go-col-inner-layer-over\"><\/div><div class=\"gw-go-header gw-go-header-standard\"><a href=\"https:\/\/plan7architekt.com\/produkt\/expert\/\"><img decoding=\"async\" class=\"aligncenter wp-image-47112 size-full\" src=\"https:\/\/plan7architekt.com\/i\/wp-content\/uploads\/2025\/07\/Plan7Architekt-Expert-4.png\" alt=\"\" width=\"765\" height=\"900\" srcset=\"https:\/\/plan7architekt.com\/i\/wp-content\/uploads\/2025\/07\/Plan7Architekt-Expert-4.png 765w, https:\/\/plan7architekt.com\/i\/wp-content\/uploads\/2025\/07\/Plan7Architekt-Expert-4-255x300.png 255w, https:\/\/plan7architekt.com\/i\/wp-content\/uploads\/2025\/07\/Plan7Architekt-Expert-4-500x588.png 500w, https:\/\/plan7architekt.com\/i\/wp-content\/uploads\/2025\/07\/Plan7Architekt-Expert-4-700x824.png 700w\" sizes=\"(max-width: 765px) 100vw, 765px\" \/><\/a><\/div><ul class=\"gw-go-body\"><li data-row-index=\"0\"><div class=\"gw-go-body-cell\"><span style=\"color:#2089c8;\">99,99\u20ac<\/span><\/div><\/li><li class=\"gw-go-even\" data-row-index=\"1\"><div class=\"gw-go-body-cell\">(Letztes Update: Februar 2025)<\/div><\/li><li data-row-index=\"2\"><div class=\"gw-go-body-cell\"><span style=\"color:#000000;\"><br>f\u00fcr mittelgro\u00dfe Projekte<br><\/span>\r\n<span style=\"color:#000000;\"><br>uneingeschr\u00e4nkte Grundrisserstellung & Gartenplanung<br><\/span>\r\n<span style=\"color:#000000;\"><br>keine Exportm\u00f6glichkeiten an den Architekten und keine Planerstellung f\u00fcr den Bauantrag<br><\/span><\/div><\/li><li class=\"gw-go-even\" data-row-index=\"3\"><div class=\"gw-go-body-cell\"><\/br>35 Bewertungen<\/br><i style=\"color:#ffae00; font-size:12px;\" class=\"fa fa-star\"><\/i> <i style=\"color:#ffae00; font-size:12px;\" class=\"fa fa-star\"><\/i> <i style=\"color:#ffae00; font-size:12px;\" class=\"fa fa-star\"><\/i> <i style=\"color:#ffae00; font-size:12px;\" class=\"fa fa-star\"><\/i> <i style=\"color:#838383; font-size:12px;\" class=\"fa fa-star-o\"><\/i><\/br><\/br><\/div><\/li><\/ul><div class=\"gw-go-footer-wrap\"><div class=\"gw-go-footer-spacer\"><\/div><div class=\"gw-go-footer\"><div class=\"gw-go-footer-rows\"><div class=\"gw-go-footer-row\" data-row-index=\"0\"><div class=\"gw-go-footer-row-inner\"><span style=\"color:#9d9d9d; text-decoration: line-through !important;\"><\/span><\/div><\/div><div class=\"gw-go-footer-row gw-go-even\" data-row-index=\"1\"><div class=\"gw-go-footer-row-inner\"><a href=\"https:\/\/plan7architekt.com\/produkt\/expert\/\" class=\"gw-go-btn gw-go-btn-large\"><span class=\"gw-go-btn-inner\">zum Produkt<\/span><\/a><\/div><\/div><\/div><\/div><\/div><\/div><\/div><\/div><div class=\"gw-go-col-wrap gw-go-col-wrap-2 gw-go-hover gw-go-disable-enlarge gw-go-disable-hover\" data-current=\"1\" data-col-index=\"2\"><div class=\"gw-go-col gw-go-clean-style1\"><div class=\"gw-go-col-inner\"><div class=\"gw-go-col-inner-layer\"><\/div><div class=\"gw-go-col-inner-layer-over\"><\/div><div class=\"gw-go-ribbon-text gw-go-ribbon-shadow gw-go-ribbon-left\"><span style=\"color:#ffffff; background-color:#00a4f9; font-weight:bold !important;\">BESTSELLER<\/span><\/div><div class=\"gw-go-header gw-go-header-standard\"><a href=\"https:\/\/plan7architekt.com\/produkt\/kaufen\/\"><img decoding=\"async\" class=\"aligncenter wp-image-47114 size-full\" src=\"https:\/\/plan7architekt.com\/i\/wp-content\/uploads\/2025\/07\/Plan7Architekt-Pro-4.png\" alt=\"\" width=\"765\" height=\"900\" srcset=\"https:\/\/plan7architekt.com\/i\/wp-content\/uploads\/2025\/07\/Plan7Architekt-Pro-4.png 765w, https:\/\/plan7architekt.com\/i\/wp-content\/uploads\/2025\/07\/Plan7Architekt-Pro-4-255x300.png 255w, https:\/\/plan7architekt.com\/i\/wp-content\/uploads\/2025\/07\/Plan7Architekt-Pro-4-500x588.png 500w, https:\/\/plan7architekt.com\/i\/wp-content\/uploads\/2025\/07\/Plan7Architekt-Pro-4-700x824.png 700w\" sizes=\"(max-width: 765px) 100vw, 765px\" \/><\/a><\/div><ul class=\"gw-go-body\"><li data-row-index=\"0\"><div class=\"gw-go-body-cell\"><span style=\"color:#2089c8;\">149,99\u20ac<\/span><\/div><\/li><li class=\"gw-go-even\" data-row-index=\"1\"><div class=\"gw-go-body-cell\">(Letztes Update: Februar 2025)<\/div><\/li><li data-row-index=\"2\"><div class=\"gw-go-body-cell\"><span style=\"color:#000000;\"><br>f\u00fcr Projekte jeder Gr\u00f6\u00dfe<br><\/span>\r\n<span style=\"color:#000000;\"><br>Import & Export f\u00fcr die Zusammenarbeit mit einem Architekten<br><\/span>\r\n<span style=\"color:#000000;\"><br>Planerstellung f\u00fcr echte Bauantr\u00e4ge nach deutschen & europ\u00e4ischen Baustandards<br><\/span>\r\n<span style=\"color:#000000;\"><br>viel gr\u00f6\u00dferer Funktionsumfang als in den beiden anderen Versionen<br><\/span><\/div><\/li><li class=\"gw-go-even\" data-row-index=\"3\"><div class=\"gw-go-body-cell\"><\/br>132 Bewertungen<\/br><i style=\"color:#ffae00; font-size:12px;\" class=\"fa fa-star\"><\/i> <i style=\"color:#ffae00; font-size:12px;\" class=\"fa fa-star\"><\/i> <i style=\"color:#ffae00; font-size:12px;\" class=\"fa fa-star\"><\/i> <i style=\"color:#ffae00; font-size:12px;\" class=\"fa fa-star\"><\/i> <i style=\"color:#ffae00; font-size:12px;\" class=\"fa fa-star\"><\/i><\/br><\/br><\/div><\/li><\/ul><div class=\"gw-go-footer-wrap\"><div class=\"gw-go-footer-spacer\"><\/div><div class=\"gw-go-footer\"><div class=\"gw-go-footer-rows\"><div class=\"gw-go-footer-row\" data-row-index=\"0\"><div class=\"gw-go-footer-row-inner\">&nbsp;<\/div><\/div><div class=\"gw-go-footer-row gw-go-even\" data-row-index=\"1\"><div class=\"gw-go-footer-row-inner\"><a href=\"https:\/\/plan7architekt.com\/produkt\/kaufen\/\" class=\"gw-go-btn gw-go-btn-large\"><span class=\"gw-go-btn-inner\">zum Produkt<\/span><\/a><\/div><\/div><\/div><\/div><\/div><\/div><\/div><\/div><\/div><\/div>[\/vc_column_text][\/vc_column][\/vc_row]<\/p>\n<\/section>","protected":false},"excerpt":{"rendered":"<p>[vc_row][vc_column width=&#8221;2\/3&#8243;][vc_column_text]Die Nutzfl\u00e4che eines Geb\u00e4udes, definiert nach der DIN 277, ist ein zentraler Aspekt in der Architektur, im Bauwesen&#8230;<\/p>\n","protected":false},"author":584,"featured_media":41334,"comment_status":"closed","ping_status":"closed","sticky":false,"template":"","format":"standard","meta":{"footnotes":""},"categories":[364],"tags":[],"class_list":{"0":"post-41346","1":"post","2":"type-post","3":"status-publish","4":"format-standard","5":"has-post-thumbnail","7":"category-grundriss-wiki"},"yoast_head":"<!-- This site is optimized with the Yoast SEO plugin v27.5 - https:\/\/yoast.com\/product\/yoast-seo-wordpress\/ -->\n<title>Nutzfl\u00e4che nach DIN 277 - was geh\u00f6rt dazu?<\/title>\n<meta name=\"robots\" content=\"index, follow, max-snippet:-1, max-image-preview:large, max-video-preview:-1\" \/>\n<link rel=\"canonical\" href=\"https:\/\/plan7architekt.com\/i\/nutzflaeche-nach-din-277-was-gehoert-dazu-ai5\/\" \/>\n<meta name=\"twitter:label1\" content=\"Geschrieben von\" \/>\n\t<meta name=\"twitter:data1\" content=\"Plan7Architekt Support\" \/>\n\t<meta name=\"twitter:label2\" content=\"Gesch\u00e4tzte Lesezeit\" \/>\n\t<meta name=\"twitter:data2\" content=\"7\u00a0Minuten\" \/>\n<script type=\"application\/ld+json\" class=\"yoast-schema-graph\">{\"@context\":\"https:\\\/\\\/schema.org\",\"@graph\":[{\"@type\":\"Article\",\"@id\":\"https:\\\/\\\/plan7architekt.com\\\/i\\\/nutzflaeche-nach-din-277-was-gehoert-dazu-ai5\\\/#article\",\"isPartOf\":{\"@id\":\"https:\\\/\\\/plan7architekt.com\\\/i\\\/nutzflaeche-nach-din-277-was-gehoert-dazu-ai5\\\/\"},\"author\":{\"name\":\"Plan7Architekt Support\",\"@id\":\"https:\\\/\\\/plan7architekt.com\\\/i\\\/#\\\/schema\\\/person\\\/9ab7931240253702d63bf04e4dfe2a64\"},\"headline\":\"Nutzfl\u00e4che nach DIN 277 &#8211; was geh\u00f6rt dazu?\",\"datePublished\":\"2023-12-11T11:28:37+00:00\",\"dateModified\":\"2024-10-17T08:46:53+00:00\",\"mainEntityOfPage\":{\"@id\":\"https:\\\/\\\/plan7architekt.com\\\/i\\\/nutzflaeche-nach-din-277-was-gehoert-dazu-ai5\\\/\"},\"wordCount\":1348,\"publisher\":{\"@id\":\"https:\\\/\\\/plan7architekt.com\\\/i\\\/#organization\"},\"image\":{\"@id\":\"https:\\\/\\\/plan7architekt.com\\\/i\\\/nutzflaeche-nach-din-277-was-gehoert-dazu-ai5\\\/#primaryimage\"},\"thumbnailUrl\":\"https:\\\/\\\/plan7architekt.com\\\/i\\\/wp-content\\\/uploads\\\/2023\\\/12\\\/Im-Plan7Architekt-werden-Bruttoflaechen-automatisch-berechnet.jpg\",\"articleSection\":[\"Grundriss-Wiki\"],\"inLanguage\":\"de\"},{\"@type\":\"WebPage\",\"@id\":\"https:\\\/\\\/plan7architekt.com\\\/i\\\/nutzflaeche-nach-din-277-was-gehoert-dazu-ai5\\\/\",\"url\":\"https:\\\/\\\/plan7architekt.com\\\/i\\\/nutzflaeche-nach-din-277-was-gehoert-dazu-ai5\\\/\",\"name\":\"Nutzfl\u00e4che nach DIN 277 - was geh\u00f6rt dazu?\",\"isPartOf\":{\"@id\":\"https:\\\/\\\/plan7architekt.com\\\/i\\\/#website\"},\"primaryImageOfPage\":{\"@id\":\"https:\\\/\\\/plan7architekt.com\\\/i\\\/nutzflaeche-nach-din-277-was-gehoert-dazu-ai5\\\/#primaryimage\"},\"image\":{\"@id\":\"https:\\\/\\\/plan7architekt.com\\\/i\\\/nutzflaeche-nach-din-277-was-gehoert-dazu-ai5\\\/#primaryimage\"},\"thumbnailUrl\":\"https:\\\/\\\/plan7architekt.com\\\/i\\\/wp-content\\\/uploads\\\/2023\\\/12\\\/Im-Plan7Architekt-werden-Bruttoflaechen-automatisch-berechnet.jpg\",\"breadcrumb\":{\"@id\":\"https:\\\/\\\/plan7architekt.com\\\/i\\\/nutzflaeche-nach-din-277-was-gehoert-dazu-ai5\\\/#breadcrumb\"},\"inLanguage\":\"de\",\"potentialAction\":[{\"@type\":\"ReadAction\",\"target\":[\"https:\\\/\\\/plan7architekt.com\\\/i\\\/nutzflaeche-nach-din-277-was-gehoert-dazu-ai5\\\/\"]}]},{\"@type\":\"ImageObject\",\"inLanguage\":\"de\",\"@id\":\"https:\\\/\\\/plan7architekt.com\\\/i\\\/nutzflaeche-nach-din-277-was-gehoert-dazu-ai5\\\/#primaryimage\",\"url\":\"https:\\\/\\\/plan7architekt.com\\\/i\\\/wp-content\\\/uploads\\\/2023\\\/12\\\/Im-Plan7Architekt-werden-Bruttoflaechen-automatisch-berechnet.jpg\",\"contentUrl\":\"https:\\\/\\\/plan7architekt.com\\\/i\\\/wp-content\\\/uploads\\\/2023\\\/12\\\/Im-Plan7Architekt-werden-Bruttoflaechen-automatisch-berechnet.jpg\",\"width\":2555,\"height\":1332,\"caption\":\"Im Plan7Architekt werden Bruttofl\u00e4chen automatisch berechnet\"},{\"@type\":\"BreadcrumbList\",\"@id\":\"https:\\\/\\\/plan7architekt.com\\\/i\\\/nutzflaeche-nach-din-277-was-gehoert-dazu-ai5\\\/#breadcrumb\",\"itemListElement\":[{\"@type\":\"ListItem\",\"position\":1,\"name\":\"Blog\",\"item\":\"https:\\\/\\\/plan7architekt.com\\\/i\\\/\"},{\"@type\":\"ListItem\",\"position\":2,\"name\":\"Grundriss-Wiki\",\"item\":\"https:\\\/\\\/plan7architekt.com\\\/i\\\/category\\\/grundriss-wiki\\\/\"},{\"@type\":\"ListItem\",\"position\":3,\"name\":\"Nutzfl\u00e4che nach DIN 277 &#8211; was geh\u00f6rt dazu?\"}]},{\"@type\":\"WebSite\",\"@id\":\"https:\\\/\\\/plan7architekt.com\\\/i\\\/#website\",\"url\":\"https:\\\/\\\/plan7architekt.com\\\/i\\\/\",\"name\":\"Plan7Architekt\",\"description\":\"\",\"publisher\":{\"@id\":\"https:\\\/\\\/plan7architekt.com\\\/i\\\/#organization\"},\"potentialAction\":[{\"@type\":\"SearchAction\",\"target\":{\"@type\":\"EntryPoint\",\"urlTemplate\":\"https:\\\/\\\/plan7architekt.com\\\/i\\\/?s={search_term_string}\"},\"query-input\":{\"@type\":\"PropertyValueSpecification\",\"valueRequired\":true,\"valueName\":\"search_term_string\"}}],\"inLanguage\":\"de\"},{\"@type\":\"Organization\",\"@id\":\"https:\\\/\\\/plan7architekt.com\\\/i\\\/#organization\",\"name\":\"Plan7Architekt\",\"url\":\"https:\\\/\\\/plan7architekt.com\\\/i\\\/\",\"logo\":{\"@type\":\"ImageObject\",\"inLanguage\":\"de\",\"@id\":\"https:\\\/\\\/plan7architekt.com\\\/i\\\/#\\\/schema\\\/logo\\\/image\\\/\",\"url\":\"https:\\\/\\\/plan7architekt.com\\\/i\\\/wp-content\\\/uploads\\\/2018\\\/06\\\/Logo_Plan7architekt-2.jpg\",\"contentUrl\":\"https:\\\/\\\/plan7architekt.com\\\/i\\\/wp-content\\\/uploads\\\/2018\\\/06\\\/Logo_Plan7architekt-2.jpg\",\"width\":395,\"height\":45,\"caption\":\"Plan7Architekt\"},\"image\":{\"@id\":\"https:\\\/\\\/plan7architekt.com\\\/i\\\/#\\\/schema\\\/logo\\\/image\\\/\"},\"sameAs\":[\"https:\\\/\\\/www.facebook.com\\\/people\\\/Plan7Architekt-Architektursoftware\\\/100063592615389\\\/\",\"https:\\\/\\\/www.youtube.com\\\/@plan7architekt\",\"https:\\\/\\\/www.instagram.com\\\/plan7architekt_de\\\/\",\"https:\\\/\\\/www.trustedshops.de\\\/bewertung\\\/info_XC87D0FA41684537E9E0DC3C77C926E32.html\",\"https:\\\/\\\/de.trustpilot.com\\\/review\\\/plan7architekt.com\"]},{\"@type\":\"Person\",\"@id\":\"https:\\\/\\\/plan7architekt.com\\\/i\\\/#\\\/schema\\\/person\\\/9ab7931240253702d63bf04e4dfe2a64\",\"name\":\"Plan7Architekt Support\"}]}<\/script>\n<!-- \/ Yoast SEO plugin. -->","yoast_head_json":{"title":"Nutzfl\u00e4che nach DIN 277 - was geh\u00f6rt dazu?","robots":{"index":"index","follow":"follow","max-snippet":"max-snippet:-1","max-image-preview":"max-image-preview:large","max-video-preview":"max-video-preview:-1"},"canonical":"https:\/\/plan7architekt.com\/i\/nutzflaeche-nach-din-277-was-gehoert-dazu-ai5\/","twitter_misc":{"Geschrieben von":"Plan7Architekt Support","Gesch\u00e4tzte Lesezeit":"7\u00a0Minuten"},"schema":{"@context":"https:\/\/schema.org","@graph":[{"@type":"Article","@id":"https:\/\/plan7architekt.com\/i\/nutzflaeche-nach-din-277-was-gehoert-dazu-ai5\/#article","isPartOf":{"@id":"https:\/\/plan7architekt.com\/i\/nutzflaeche-nach-din-277-was-gehoert-dazu-ai5\/"},"author":{"name":"Plan7Architekt Support","@id":"https:\/\/plan7architekt.com\/i\/#\/schema\/person\/9ab7931240253702d63bf04e4dfe2a64"},"headline":"Nutzfl\u00e4che nach DIN 277 &#8211; was geh\u00f6rt dazu?","datePublished":"2023-12-11T11:28:37+00:00","dateModified":"2024-10-17T08:46:53+00:00","mainEntityOfPage":{"@id":"https:\/\/plan7architekt.com\/i\/nutzflaeche-nach-din-277-was-gehoert-dazu-ai5\/"},"wordCount":1348,"publisher":{"@id":"https:\/\/plan7architekt.com\/i\/#organization"},"image":{"@id":"https:\/\/plan7architekt.com\/i\/nutzflaeche-nach-din-277-was-gehoert-dazu-ai5\/#primaryimage"},"thumbnailUrl":"https:\/\/plan7architekt.com\/i\/wp-content\/uploads\/2023\/12\/Im-Plan7Architekt-werden-Bruttoflaechen-automatisch-berechnet.jpg","articleSection":["Grundriss-Wiki"],"inLanguage":"de"},{"@type":"WebPage","@id":"https:\/\/plan7architekt.com\/i\/nutzflaeche-nach-din-277-was-gehoert-dazu-ai5\/","url":"https:\/\/plan7architekt.com\/i\/nutzflaeche-nach-din-277-was-gehoert-dazu-ai5\/","name":"Nutzfl\u00e4che nach DIN 277 - was geh\u00f6rt dazu?","isPartOf":{"@id":"https:\/\/plan7architekt.com\/i\/#website"},"primaryImageOfPage":{"@id":"https:\/\/plan7architekt.com\/i\/nutzflaeche-nach-din-277-was-gehoert-dazu-ai5\/#primaryimage"},"image":{"@id":"https:\/\/plan7architekt.com\/i\/nutzflaeche-nach-din-277-was-gehoert-dazu-ai5\/#primaryimage"},"thumbnailUrl":"https:\/\/plan7architekt.com\/i\/wp-content\/uploads\/2023\/12\/Im-Plan7Architekt-werden-Bruttoflaechen-automatisch-berechnet.jpg","breadcrumb":{"@id":"https:\/\/plan7architekt.com\/i\/nutzflaeche-nach-din-277-was-gehoert-dazu-ai5\/#breadcrumb"},"inLanguage":"de","potentialAction":[{"@type":"ReadAction","target":["https:\/\/plan7architekt.com\/i\/nutzflaeche-nach-din-277-was-gehoert-dazu-ai5\/"]}]},{"@type":"ImageObject","inLanguage":"de","@id":"https:\/\/plan7architekt.com\/i\/nutzflaeche-nach-din-277-was-gehoert-dazu-ai5\/#primaryimage","url":"https:\/\/plan7architekt.com\/i\/wp-content\/uploads\/2023\/12\/Im-Plan7Architekt-werden-Bruttoflaechen-automatisch-berechnet.jpg","contentUrl":"https:\/\/plan7architekt.com\/i\/wp-content\/uploads\/2023\/12\/Im-Plan7Architekt-werden-Bruttoflaechen-automatisch-berechnet.jpg","width":2555,"height":1332,"caption":"Im Plan7Architekt werden Bruttofl\u00e4chen automatisch berechnet"},{"@type":"BreadcrumbList","@id":"https:\/\/plan7architekt.com\/i\/nutzflaeche-nach-din-277-was-gehoert-dazu-ai5\/#breadcrumb","itemListElement":[{"@type":"ListItem","position":1,"name":"Blog","item":"https:\/\/plan7architekt.com\/i\/"},{"@type":"ListItem","position":2,"name":"Grundriss-Wiki","item":"https:\/\/plan7architekt.com\/i\/category\/grundriss-wiki\/"},{"@type":"ListItem","position":3,"name":"Nutzfl\u00e4che nach DIN 277 &#8211; was geh\u00f6rt dazu?"}]},{"@type":"WebSite","@id":"https:\/\/plan7architekt.com\/i\/#website","url":"https:\/\/plan7architekt.com\/i\/","name":"Plan7Architekt","description":"","publisher":{"@id":"https:\/\/plan7architekt.com\/i\/#organization"},"potentialAction":[{"@type":"SearchAction","target":{"@type":"EntryPoint","urlTemplate":"https:\/\/plan7architekt.com\/i\/?s={search_term_string}"},"query-input":{"@type":"PropertyValueSpecification","valueRequired":true,"valueName":"search_term_string"}}],"inLanguage":"de"},{"@type":"Organization","@id":"https:\/\/plan7architekt.com\/i\/#organization","name":"Plan7Architekt","url":"https:\/\/plan7architekt.com\/i\/","logo":{"@type":"ImageObject","inLanguage":"de","@id":"https:\/\/plan7architekt.com\/i\/#\/schema\/logo\/image\/","url":"https:\/\/plan7architekt.com\/i\/wp-content\/uploads\/2018\/06\/Logo_Plan7architekt-2.jpg","contentUrl":"https:\/\/plan7architekt.com\/i\/wp-content\/uploads\/2018\/06\/Logo_Plan7architekt-2.jpg","width":395,"height":45,"caption":"Plan7Architekt"},"image":{"@id":"https:\/\/plan7architekt.com\/i\/#\/schema\/logo\/image\/"},"sameAs":["https:\/\/www.facebook.com\/people\/Plan7Architekt-Architektursoftware\/100063592615389\/","https:\/\/www.youtube.com\/@plan7architekt","https:\/\/www.instagram.com\/plan7architekt_de\/","https:\/\/www.trustedshops.de\/bewertung\/info_XC87D0FA41684537E9E0DC3C77C926E32.html","https:\/\/de.trustpilot.com\/review\/plan7architekt.com"]},{"@type":"Person","@id":"https:\/\/plan7architekt.com\/i\/#\/schema\/person\/9ab7931240253702d63bf04e4dfe2a64","name":"Plan7Architekt Support"}]}},"_links":{"self":[{"href":"https:\/\/plan7architekt.com\/i\/wp-json\/wp\/v2\/posts\/41346","targetHints":{"allow":["GET"]}}],"collection":[{"href":"https:\/\/plan7architekt.com\/i\/wp-json\/wp\/v2\/posts"}],"about":[{"href":"https:\/\/plan7architekt.com\/i\/wp-json\/wp\/v2\/types\/post"}],"author":[{"embeddable":true,"href":"https:\/\/plan7architekt.com\/i\/wp-json\/wp\/v2\/users\/584"}],"replies":[{"embeddable":true,"href":"https:\/\/plan7architekt.com\/i\/wp-json\/wp\/v2\/comments?post=41346"}],"version-history":[{"count":6,"href":"https:\/\/plan7architekt.com\/i\/wp-json\/wp\/v2\/posts\/41346\/revisions"}],"predecessor-version":[{"id":45284,"href":"https:\/\/plan7architekt.com\/i\/wp-json\/wp\/v2\/posts\/41346\/revisions\/45284"}],"wp:featuredmedia":[{"embeddable":true,"href":"https:\/\/plan7architekt.com\/i\/wp-json\/wp\/v2\/media\/41334"}],"wp:attachment":[{"href":"https:\/\/plan7architekt.com\/i\/wp-json\/wp\/v2\/media?parent=41346"}],"wp:term":[{"taxonomy":"category","embeddable":true,"href":"https:\/\/plan7architekt.com\/i\/wp-json\/wp\/v2\/categories?post=41346"},{"taxonomy":"post_tag","embeddable":true,"href":"https:\/\/plan7architekt.com\/i\/wp-json\/wp\/v2\/tags?post=41346"}],"curies":[{"name":"wp","href":"https:\/\/api.w.org\/{rel}","templated":true}]}}